{"id":15562,"date":"2023-05-01T12:19:40","date_gmt":"2023-05-01T15:19:40","guid":{"rendered":"http:\/\/dgospel.com.br\/portal\/?p=15562"},"modified":"2023-05-01T12:19:41","modified_gmt":"2023-05-01T15:19:41","slug":"lula-anuncia-em-cadeia-nacional-reajuste-de-r-18-no-minimo","status":"publish","type":"post","link":"https:\/\/dgospel.com.br\/portal\/index.php\/2023\/05\/01\/lula-anuncia-em-cadeia-nacional-reajuste-de-r-18-no-minimo\/","title":{"rendered":"Lula anuncia em cadeia nacional reajuste de R$ 18 no m\u00ednimo"},"content":{"rendered":"\n<p>O presidente Lula (PT) fez seu primeiro pronunciamento em cadeia nacional de r\u00e1dio e televis\u00e3o, \u00e0s 20h deste domingo (30), em celebra\u00e7\u00e3o pelo Dia do Trabalho, comemorado nesta segunda-feira (1\u00ba). Na oportunidade, como de praxe, o petista criticou o governo do presidente Jair Bolsonaro (PL), falou sobre o poder de compra da popula\u00e7\u00e3o, criticou a taxa de juros e anunciou o aumento de R$ 18 no sal\u00e1rio m\u00ednimo.<\/p>\n\n\n\n<p>\u2013 A partir de amanh\u00e3, o sal\u00e1rio m\u00ednimo passa a valer R$ 1.320 para trabalhadores da ativa, aposentados e pensionistas. \u00c9 um aumento pequeno, mas real, acima da infla\u00e7\u00e3o, pela primeira vez depois de seis anos \u2013 disse.<\/p>\n\n\n\n<p>Ele prometeu encaminhar ao Congresso Nacional um projeto de lei para que esta conquista \u2013 de reajustar o sal\u00e1rio m\u00ednimo acima da infla\u00e7\u00e3o \u2013 seja permanente.<\/p>\n\n\n\n<p>Lula tamb\u00e9m anunciou o aumento da faixa de isen\u00e7\u00e3o do imposto de renda, que h\u00e1 oito anos estava em R$ 1.903 e, agora, ser\u00e1 de R$ 2.640, ainda distante da isen\u00e7\u00e3o para quem ganha at\u00e9 R$ 5 mil, conforme prometido em campanha eleitoral e reafirmado neste discurso em rede nacional. Ele disse que far\u00e1 at\u00e9 o fim de seu mandato.<\/p>\n\n\n\n<p>Na conclus\u00e3o, o petista enalteceu o Dia do Trabalho e garantiu que a classe trabalhadora voltar\u00e1 a ter conquistas.<\/p>\n\n\n\n<p>Nesta segunda-feira, 1\u00ba de Maio, n\u00e3o apenas se comemora o Dia do Trabalho, mas 80 anos de Consolida\u00e7\u00e3o das Leis do Trabalho (CLT).<\/p>\n\n\n\n<p><strong>VEJA O PRONUNCIAMENTO:<\/strong><\/p>\n\n\n\n<figure class=\"wp-block-embed is-type-video is-provider-youtube wp-block-embed-youtube wp-embed-aspect-16-9 wp-has-aspect-ratio\"><div class=\"wp-block-embed__wrapper\">\n<iframe loading=\"lazy\" title=\"Veja pronunciamento do presidente Lula pelo Dia do Trabalhador\" width=\"630\" height=\"354\" src=\"https:\/\/www.youtube.com\/embed\/gsdzl45kWRY?start=1&#038;feature=oembed\" frameborder=\"0\" allow=\"accelerometer; autoplay; clipboard-write; encrypted-media; gyroscope; picture-in-picture; web-share\" allowfullscreen><\/iframe>\n<\/div><\/figure>\n","protected":false},"excerpt":{"rendered":"<p>O presidente Lula (PT) fez seu primeiro pronunciamento em cadeia nacional de r\u00e1dio e televis\u00e3o, \u00e0s 20h deste domingo (30), em celebra\u00e7\u00e3o pelo Dia do Trabalho, comemorado nesta segunda-feira (1\u00ba). Na oportunidade, como de praxe, o petista criticou o governo do presidente Jair Bolsonaro (PL), falou sobre o poder de compra da popula\u00e7\u00e3o, criticou a [&hellip;]<\/p>\n","protected":false},"author":2,"featured_media":15563,"comment_status":"open","ping_status":"open","sticky":false,"template":"","format":"standard","meta":[],"categories":[4],"tags":[],"_links":{"self":[{"href":"https:\/\/dgospel.com.br\/portal\/index.php\/wp-json\/wp\/v2\/posts\/15562"}],"collection":[{"href":"https:\/\/dgospel.com.br\/portal\/index.php\/wp-json\/wp\/v2\/posts"}],"about":[{"href":"https:\/\/dgospel.com.br\/portal\/index.php\/wp-json\/wp\/v2\/types\/post"}],"author":[{"embeddable":true,"href":"https:\/\/dgospel.com.br\/portal\/index.php\/wp-json\/wp\/v2\/users\/2"}],"replies":[{"embeddable":true,"href":"https:\/\/dgospel.com.br\/portal\/index.php\/wp-json\/wp\/v2\/comments?post=15562"}],"version-history":[{"count":1,"href":"https:\/\/dgospel.com.br\/portal\/index.php\/wp-json\/wp\/v2\/posts\/15562\/revisions"}],"predecessor-version":[{"id":15564,"href":"https:\/\/dgospel.com.br\/portal\/index.php\/wp-json\/wp\/v2\/posts\/15562\/revisions\/15564"}],"wp:featuredmedia":[{"embeddable":true,"href":"https:\/\/dgospel.com.br\/portal\/index.php\/wp-json\/wp\/v2\/media\/15563"}],"wp:attachment":[{"href":"https:\/\/dgospel.com.br\/portal\/index.php\/wp-json\/wp\/v2\/media?parent=15562"}],"wp:term":[{"taxonomy":"category","embeddable":true,"href":"https:\/\/dgospel.com.br\/portal\/index.php\/wp-json\/wp\/v2\/categories?post=15562"},{"taxonomy":"post_tag","embeddable":true,"href":"https:\/\/dgospel.com.br\/portal\/index.php\/wp-json\/wp\/v2\/tags?post=15562"}],"curies":[{"name":"wp","href":"https:\/\/api.w.org\/{rel}","templated":true}]}}