{"id":15565,"date":"2023-05-01T12:23:21","date_gmt":"2023-05-01T15:23:21","guid":{"rendered":"http:\/\/dgospel.com.br\/portal\/?p=15565"},"modified":"2023-05-01T12:23:23","modified_gmt":"2023-05-01T15:23:23","slug":"tarcisio-ofusca-lula-e-fixa-novo-minimo-em-r-1-550-em-sp","status":"publish","type":"post","link":"https:\/\/dgospel.com.br\/portal\/index.php\/2023\/05\/01\/tarcisio-ofusca-lula-e-fixa-novo-minimo-em-r-1-550-em-sp\/","title":{"rendered":"Tarc\u00edsio ofusca Lula e fixa novo m\u00ednimo em R$ 1.550 em SP"},"content":{"rendered":"\n<p>O governador de S\u00e3o Paulo, Tarc\u00edsio de Freitas (Republicanos), fixou o novo sal\u00e1rio m\u00ednimo no estado em R$ 1.550. Projeto de lei com o valor apresentado ser\u00e1 encaminhado na ter\u00e7a-feira (2) \u00e0 Assembleia Legislativa pelas m\u00e3os do pr\u00f3prio chefe do Executivo paulista.<\/p>\n\n\n\n<p>O novo piso estadual valer\u00e1 para todos os trabalhadores. Hoje, a faixa mais baixa tem m\u00ednimo em R$ 1.284 e a mais alta \u00e9 de R$ 1.306.<\/p>\n\n\n\n<p>Se aprovado pelos deputados, o novo piso ter\u00e1 aumento de 20,7% para a primeira faixa e 18,7% para a segunda.<\/p>\n\n\n\n<p>De todo modo, os reajuste representam aumentos bem superiores \u00e0 infla\u00e7\u00e3o acumulada nos \u00faltimos 12 meses, de 4,65%, e, ainda assim, praticamente o dobro do aumento aprovado no ano passado, de 10,3%.<\/p>\n\n\n\n<p>O novo m\u00ednimo paulista \u00e9 bem maior que o anunciado em cadeia nacional, neste domingo (30), pelo presidente Lula (PT), em celebra\u00e7\u00e3o pelo Dia do Trabalho: 8,9%, passando de R$ 1.302 para R$ 1.320.<\/p>\n","protected":false},"excerpt":{"rendered":"<p>O governador de S\u00e3o Paulo, Tarc\u00edsio de Freitas (Republicanos), fixou o novo sal\u00e1rio m\u00ednimo no estado em R$ 1.550. Projeto de lei com o valor apresentado ser\u00e1 encaminhado na ter\u00e7a-feira (2) \u00e0 Assembleia Legislativa pelas m\u00e3os do pr\u00f3prio chefe do Executivo paulista. O novo piso estadual valer\u00e1 para todos os trabalhadores. Hoje, a faixa mais [&hellip;]<\/p>\n","protected":false},"author":2,"featured_media":15566,"comment_status":"open","ping_status":"open","sticky":false,"template":"","format":"standard","meta":[],"categories":[4],"tags":[],"_links":{"self":[{"href":"https:\/\/dgospel.com.br\/portal\/index.php\/wp-json\/wp\/v2\/posts\/15565"}],"collection":[{"href":"https:\/\/dgospel.com.br\/portal\/index.php\/wp-json\/wp\/v2\/posts"}],"about":[{"href":"https:\/\/dgospel.com.br\/portal\/index.php\/wp-json\/wp\/v2\/types\/post"}],"author":[{"embeddable":true,"href":"https:\/\/dgospel.com.br\/portal\/index.php\/wp-json\/wp\/v2\/users\/2"}],"replies":[{"embeddable":true,"href":"https:\/\/dgospel.com.br\/portal\/index.php\/wp-json\/wp\/v2\/comments?post=15565"}],"version-history":[{"count":1,"href":"https:\/\/dgospel.com.br\/portal\/index.php\/wp-json\/wp\/v2\/posts\/15565\/revisions"}],"predecessor-version":[{"id":15567,"href":"https:\/\/dgospel.com.br\/portal\/index.php\/wp-json\/wp\/v2\/posts\/15565\/revisions\/15567"}],"wp:featuredmedia":[{"embeddable":true,"href":"https:\/\/dgospel.com.br\/portal\/index.php\/wp-json\/wp\/v2\/media\/15566"}],"wp:attachment":[{"href":"https:\/\/dgospel.com.br\/portal\/index.php\/wp-json\/wp\/v2\/media?parent=15565"}],"wp:term":[{"taxonomy":"category","embeddable":true,"href":"https:\/\/dgospel.com.br\/portal\/index.php\/wp-json\/wp\/v2\/categories?post=15565"},{"taxonomy":"post_tag","embeddable":true,"href":"https:\/\/dgospel.com.br\/portal\/index.php\/wp-json\/wp\/v2\/tags?post=15565"}],"curies":[{"name":"wp","href":"https:\/\/api.w.org\/{rel}","templated":true}]}}