{"id":15568,"date":"2023-05-01T12:27:03","date_gmt":"2023-05-01T15:27:03","guid":{"rendered":"http:\/\/dgospel.com.br\/portal\/?p=15568"},"modified":"2023-05-01T12:31:34","modified_gmt":"2023-05-01T15:31:34","slug":"governo-do-tocantins-inicia-o-maior-programa-de-primeiro-emprego-para-jovens-da-regiao-norte-do-pai","status":"publish","type":"post","link":"https:\/\/dgospel.com.br\/portal\/index.php\/2023\/05\/01\/governo-do-tocantins-inicia-o-maior-programa-de-primeiro-emprego-para-jovens-da-regiao-norte-do-pai\/","title":{"rendered":"Governo do Tocantins inicia o maior programa de primeiro emprego para jovens da regi\u00e3o Norte do Pa\u00eds"},"content":{"rendered":"\n<p>No Dia Internacional do Trabalho, comemorado nesta segunda-feira, 1\u00b0 de maio, o Governo do Tocantins, por meio da Secretaria de Estado do Trabalho e Desenvolvimento Social (Setas), inicia as inscri\u00e7\u00f5es do programa<em>&nbsp;Jovem Trabalhador<\/em>, que vai inserir no mercado de trabalho 3 mil adolescentes e jovens, em situa\u00e7\u00e3o de vulnerabilidade social, com idade entre 16 e 21 anos, residentes nos 139 munic\u00edpios. Os interessados devem se inscrever pelo site:&nbsp;<a href=\"http:\/\/www.jovemtrabalhadorto.org.br\/\">www.jovemtrabalhadorto.org.br<\/a>.<\/p>\n\n\n\n<p>O governador do Tocantins, Wanderlei Barbosa, destaca que o programa \u00e9 o maior da regi\u00e3o Norte do Brasil na inser\u00e7\u00e3o de jovens no mercado de trabalho e que sua gest\u00e3o est\u00e1 focada em proporcionar oportunidades para que os adolescentes tocantinenses, principalmente aqueles mais carentes, tenham um futuro promissor. \u201cO&nbsp;<em>Jovem Trabalhador<\/em>&nbsp;vai tanto capacitar quanto oportunizar a t\u00e3o solicitada primeira experi\u00eancia profissional, dois grandes gargalos da inclus\u00e3o profissional em nosso Estado\u201d, afirma.<\/p>\n\n\n\n<p>O secret\u00e1rio da Setas, Jonis Cala\u00e7a, ressalta que o programa \u00e9 uma grande oportunidade para os jovens tocantinenses e vai al\u00e9m de oferecer uma oportunidade de emprego, pois tamb\u00e9m oferece capacita\u00e7\u00e3o e qualifica\u00e7\u00e3o profissional, contribuindo assim para o desenvolvimento do Estado e a inser\u00e7\u00e3o desses adolescentes no mercado de trabalho. O secret\u00e1rio tamb\u00e9m refor\u00e7a que a iniciativa \u00e9 um compromisso do governador Wanderlei Barbosa em promover pol\u00edticas p\u00fablicas que ajudem a combater o desemprego e a exclus\u00e3o social, especialmente nesse momento de crise econ\u00f4mica provocada pela pandemia da covid-19. \u201cO Programa vai priorizar os jovens de fam\u00edlias benefici\u00e1rias de a\u00e7\u00f5es sociais, em condi\u00e7\u00f5es de vulnerabilidade social, dando a eles a oportunidade de aprender um of\u00edcio e j\u00e1 ingressarem no mercado de trabalho. Esse \u00e9 o tipo de a\u00e7\u00e3o que promove mudan\u00e7a de vida real\u201d.<\/p>\n\n\n\n<p>Refer\u00eancia internacional em aprendizagem, a Dem\u00e0 by Renapsi (Rede Nacional de Aprendizagem, Promo\u00e7\u00e3o Social e Integra\u00e7\u00e3o) \u00e9 a empresa contratada pelo Governo do Tocantins para executar o programa. O&nbsp;<em>Jovem Trabalhador<\/em>&nbsp;ser\u00e1 financiado com recurso do Fundo Estadual de Combate e Erradica\u00e7\u00e3o da Pobreza (Fecoep-TO) e tem como objetivos selecionar, contratar, capacitar e qualificar adolescentes e jovens, em situa\u00e7\u00e3o de vulnerabilidade social, para atuar em \u00f3rg\u00e3os dos poderes Executivo Estadual, Legislativo e Judici\u00e1rio, al\u00e9m do Minist\u00e9rio P\u00fablico Estadual (MPTO), do Tribunal de Contas do Estado (TCE) e munic\u00edpios.<\/p>\n\n\n\n<p><strong>Projeto Jovem Trabalhador<\/strong><\/p>\n\n\n\n<p>O projeto&nbsp;<em>Jovem Trabalhador&nbsp;<\/em>busca oportunizar a qualifica\u00e7\u00e3o profissional de adolescentes e jovens para o primeiro emprego formal remunerado, garantindo o direito \u00e0 educa\u00e7\u00e3o e ao trabalho, em conformidade com a Consolida\u00e7\u00e3o das Leis Trabalhistas, o Estatuto da Crian\u00e7a e do Adolescente e a Lei da Aprendizagem (Lei n\u00ba 10.097\/2000).<\/p>\n\n\n\n<p>Os jovens assinar\u00e3o um contrato de trabalho formal, que pode ter dura\u00e7\u00e3o de at\u00e9 24 meses e, al\u00e9m do sal\u00e1rio m\u00ednimo de hora trabalhada, receber\u00e3o uniforme, crach\u00e1, vale-transporte (quando houver necessidade), 13\u00b0 sal\u00e1rio, seguro de vida, f\u00e9rias e atendimento psicossocial e psicopedag\u00f3gico.<\/p>\n\n\n\n<p>O p\u00fablico-alvo do programa engloba jovens em situa\u00e7\u00e3o de risco social ou pessoal por situa\u00e7\u00e3o de trabalho infantil, medida socioeducativa, acolhimento institucional e\/ou defici\u00eancia, entre 16 e 21 anos. Considerando as particularidades do Estado, est\u00e3o inclu\u00eddos como prioridades na contrata\u00e7\u00e3o jovens ind\u00edgenas, quilombolas, ribeirinhos e da zona rural.<\/p>\n\n\n\n<p><strong>Crit\u00e9rio de sele\u00e7\u00e3o<\/strong><\/p>\n\n\n\n<p>Para participar do programa&nbsp;<em>Jovem Trabalhador&nbsp;<\/em>\u00e9 necess\u00e1rio ter entre 16 e 21 anos e 11 meses e estar cursando o ensino fundamental ou m\u00e9dio (ou j\u00e1 ter conclu\u00eddo o ensino m\u00e9dio) na rede p\u00fablica ou ser bolsista 100% na rede particular. A renda familiar do candidato deve ser de at\u00e9 dois sal\u00e1rios m\u00ednimos nacional ou meio sal\u00e1rio m\u00ednimo&nbsp;<em>per capita<\/em>, e a fam\u00edlia deve estar preferencialmente inscrita em Programas Sociais do Governo.<\/p>\n\n\n\n<p><\/p>\n\n\n\n<p><img src=\"https:\/\/central.to.gov.br\/image\/327444?w=670&amp;h=383\"><\/p>\n\n\n\n<p>Jovem Trabalhador vai inserir no mercado de trabalho 3 mil adolescentes e jovens, em situa\u00e7\u00e3o de vulnerabilidade social, com idade entre 16 e 21 anos, residentes nos 139 munic\u00edpios tocantinenses &#8211; Carlessandro Souza\/Governo do Tocantins<\/p>\n","protected":false},"excerpt":{"rendered":"<p>No Dia Internacional do Trabalho, comemorado nesta segunda-feira, 1\u00b0 de maio, o Governo do Tocantins, por meio da Secretaria de Estado do Trabalho e Desenvolvimento Social (Setas), inicia as inscri\u00e7\u00f5es do programa&nbsp;Jovem Trabalhador, que vai inserir no mercado de trabalho 3 mil adolescentes e jovens, em situa\u00e7\u00e3o de vulnerabilidade social, com idade entre 16 e [&hellip;]<\/p>\n","protected":false},"author":2,"featured_media":15569,"comment_status":"open","ping_status":"open","sticky":false,"template":"","format":"standard","meta":[],"categories":[3],"tags":[13],"_links":{"self":[{"href":"https:\/\/dgospel.com.br\/portal\/index.php\/wp-json\/wp\/v2\/posts\/15568"}],"collection":[{"href":"https:\/\/dgospel.com.br\/portal\/index.php\/wp-json\/wp\/v2\/posts"}],"about":[{"href":"https:\/\/dgospel.com.br\/portal\/index.php\/wp-json\/wp\/v2\/types\/post"}],"author":[{"embeddable":true,"href":"https:\/\/dgospel.com.br\/portal\/index.php\/wp-json\/wp\/v2\/users\/2"}],"replies":[{"embeddable":true,"href":"https:\/\/dgospel.com.br\/portal\/index.php\/wp-json\/wp\/v2\/comments?post=15568"}],"version-history":[{"count":2,"href":"https:\/\/dgospel.com.br\/portal\/index.php\/wp-json\/wp\/v2\/posts\/15568\/revisions"}],"predecessor-version":[{"id":15571,"href":"https:\/\/dgospel.com.br\/portal\/index.php\/wp-json\/wp\/v2\/posts\/15568\/revisions\/15571"}],"wp:featuredmedia":[{"embeddable":true,"href":"https:\/\/dgospel.com.br\/portal\/index.php\/wp-json\/wp\/v2\/media\/15569"}],"wp:attachment":[{"href":"https:\/\/dgospel.com.br\/portal\/index.php\/wp-json\/wp\/v2\/media?parent=15568"}],"wp:term":[{"taxonomy":"category","embeddable":true,"href":"https:\/\/dgospel.com.br\/portal\/index.php\/wp-json\/wp\/v2\/categories?post=15568"},{"taxonomy":"post_tag","embeddable":true,"href":"https:\/\/dgospel.com.br\/portal\/index.php\/wp-json\/wp\/v2\/tags?post=15568"}],"curies":[{"name":"wp","href":"https:\/\/api.w.org\/{rel}","templated":true}]}}