{"id":15575,"date":"2023-05-01T12:38:34","date_gmt":"2023-05-01T15:38:34","guid":{"rendered":"http:\/\/dgospel.com.br\/portal\/?p=15575"},"modified":"2023-05-01T12:38:35","modified_gmt":"2023-05-01T15:38:35","slug":"senador-magno-malta-quer-deputado-evangelico-na-relatoria-da-cpmi-do-8-de-janeiro","status":"publish","type":"post","link":"https:\/\/dgospel.com.br\/portal\/index.php\/2023\/05\/01\/senador-magno-malta-quer-deputado-evangelico-na-relatoria-da-cpmi-do-8-de-janeiro\/","title":{"rendered":"Senador Magno Malta quer deputado evang\u00e9lico na relatoria da CPMI do 8 de janeiro"},"content":{"rendered":"\n<p>Ap\u00f3s a instala\u00e7\u00e3o da CPMI do 8 de janeiro, deputados e senadores federais da oposi\u00e7\u00e3o e governistas come\u00e7aram a se articular para compor a Comiss\u00e3o. Entre eles est\u00e1 o evang\u00e9lico Magno Malta, que tem defendido a indica\u00e7\u00e3o de Andr\u00e9 Fernandes para a relatoria do grupo.<\/p>\n\n\n\n<p>Segundo informa\u00e7\u00f5es do site Conex\u00e3o Pol\u00edtica, Malta estaria atuando nos \u201cbastidores\u201d para conseguir colocar Fernandes na relatoria da CPMI do 8 de janeiro. O deputado federal foi o respons\u00e1vel por protocolar o pedido de abertura da Comiss\u00e3o.<\/p>\n\n\n\n<p>A CPMI, que vinha sendo defendida pela oposi\u00e7\u00e3o, passou a ser disputada pelos governistas ap\u00f3s vazamento de imagens em que um ministro de Lula, o general Gon\u00e7alves Dias, aparece caminhando tranquilamente ao lado de v\u00e2ndalos que invadiram o Pal\u00e1cio do Planalto.<\/p>\n\n\n\n<p>G. Dias, como \u00e9 mais conhecido, comandava o Gabinete de Seguran\u00e7a Institucional (GSI) da presid\u00eancia da Rep\u00fablica, mas acabou sendo demitido do cargo ap\u00f3s o vazamento das imagens.<\/p>\n\n\n\n<h2>Verdade \u00e0 tona<\/h2>\n\n\n\n<p>Para Magno Malta, a instala\u00e7\u00e3o da Comiss\u00e3o Parlamentar Mista de Inqu\u00e9rito do 8 de janeiro servir\u00e1 para trazer \u00e0 tona a verdade sobre o que realmente ocorreu naquele dia, ocasi\u00e3o que resultou na pris\u00e3o de mais de 1.400 pessoas inicialmente.<\/p>\n\n\n\n<p>\u201cHoje \u00e9 um dia muito importante para o Brasil\u201d,&nbsp;<a href=\"https:\/\/twitter.com\/MagnoMalta\/status\/1651215284814983173\">disse<\/a>&nbsp;o senador ao celebrar a instala\u00e7\u00e3o da Comiss\u00e3o esta semana. \u201cVamos dar luz \u00e0 verdade. Poderemos limpar o nome de pessoas inocentes, que foram presas injustamente e chamadas de terroristas. Quando a lei se prostitui, que se fa\u00e7a justi\u00e7a!\u201d.<\/p>\n\n\n\n<p>Para Andr\u00e9 Fernandes, a oposi\u00e7\u00e3o precisa garantir que os governistas n\u00e3o mudem o objetivo da CMPI, que \u00e9 apurar a responsabilidade dos atos de 8 de janeiro, nem queira criar narrativas para blindar membros do governo potencialmente envolvidos.<\/p>\n\n\n\n<p>\u201cOs l\u00edderes indicar\u00e3o os membros da comiss\u00e3o. Lutaremos para n\u00e3o permitir que o governo invada a CPMI afim de desvirtuar as investiga\u00e7\u00f5es\u201d,&nbsp;<a href=\"https:\/\/twitter.com\/andrefernm\/status\/1651257200453513216\">comentou<\/a>&nbsp;o deputado nas redes sociais.<\/p>\n","protected":false},"excerpt":{"rendered":"<p>Ap\u00f3s a instala\u00e7\u00e3o da CPMI do 8 de janeiro, deputados e senadores federais da oposi\u00e7\u00e3o e governistas come\u00e7aram a se articular para compor a Comiss\u00e3o. Entre eles est\u00e1 o evang\u00e9lico Magno Malta, que tem defendido a indica\u00e7\u00e3o de Andr\u00e9 Fernandes para a relatoria do grupo. Segundo informa\u00e7\u00f5es do site Conex\u00e3o Pol\u00edtica, Malta estaria atuando nos [&hellip;]<\/p>\n","protected":false},"author":2,"featured_media":15576,"comment_status":"open","ping_status":"open","sticky":false,"template":"","format":"standard","meta":[],"categories":[8],"tags":[13],"_links":{"self":[{"href":"https:\/\/dgospel.com.br\/portal\/index.php\/wp-json\/wp\/v2\/posts\/15575"}],"collection":[{"href":"https:\/\/dgospel.com.br\/portal\/index.php\/wp-json\/wp\/v2\/posts"}],"about":[{"href":"https:\/\/dgospel.com.br\/portal\/index.php\/wp-json\/wp\/v2\/types\/post"}],"author":[{"embeddable":true,"href":"https:\/\/dgospel.com.br\/portal\/index.php\/wp-json\/wp\/v2\/users\/2"}],"replies":[{"embeddable":true,"href":"https:\/\/dgospel.com.br\/portal\/index.php\/wp-json\/wp\/v2\/comments?post=15575"}],"version-history":[{"count":1,"href":"https:\/\/dgospel.com.br\/portal\/index.php\/wp-json\/wp\/v2\/posts\/15575\/revisions"}],"predecessor-version":[{"id":15577,"href":"https:\/\/dgospel.com.br\/portal\/index.php\/wp-json\/wp\/v2\/posts\/15575\/revisions\/15577"}],"wp:featuredmedia":[{"embeddable":true,"href":"https:\/\/dgospel.com.br\/portal\/index.php\/wp-json\/wp\/v2\/media\/15576"}],"wp:attachment":[{"href":"https:\/\/dgospel.com.br\/portal\/index.php\/wp-json\/wp\/v2\/media?parent=15575"}],"wp:term":[{"taxonomy":"category","embeddable":true,"href":"https:\/\/dgospel.com.br\/portal\/index.php\/wp-json\/wp\/v2\/categories?post=15575"},{"taxonomy":"post_tag","embeddable":true,"href":"https:\/\/dgospel.com.br\/portal\/index.php\/wp-json\/wp\/v2\/tags?post=15575"}],"curies":[{"name":"wp","href":"https:\/\/api.w.org\/{rel}","templated":true}]}}