{"id":15579,"date":"2023-05-01T16:57:05","date_gmt":"2023-05-01T19:57:05","guid":{"rendered":"http:\/\/dgospel.com.br\/portal\/?p=15579"},"modified":"2023-05-01T16:57:06","modified_gmt":"2023-05-01T19:57:06","slug":"a-ofensiva-da-bancada-evangelica-contra-o-projeto-da-censura","status":"publish","type":"post","link":"https:\/\/dgospel.com.br\/portal\/index.php\/2023\/05\/01\/a-ofensiva-da-bancada-evangelica-contra-o-projeto-da-censura\/","title":{"rendered":"A ofensiva da Bancada Evang\u00e9lica contra o Projeto da Censura"},"content":{"rendered":"\n<p>A Frente Parlamentar Evang\u00e9lica (FPE), mais conhecida como Bancada Evang\u00e9lica, trabalha nos bastidores para virar os votos dos deputados contra o Projeto de Lei (PL) da Censura.<\/p>\n\n\n\n<p>Conforme apurou&nbsp;<strong>Oeste<\/strong>, os integrantes do colegiado articularam-se no fim de semana e nesta segunda-feira, 1\u00b0, para montar uma base forte e reverter o placar contra o governo.<\/p>\n\n\n\n<p>Segundo interlocutores, a bancada j\u00e1 conseguiu o apoio de 257 deputados. Caso esse n\u00famero seja confirmado, o PL da Censura n\u00e3o ser\u00e1 aprovado na ter\u00e7a-feira 2. O governo precisa de maioria simples na C\u00e2mara \u2014 257 votos de 513 deputados.<\/p>\n\n\n\n<p>Contudo, com os n\u00fameros angariados pela FPE, restariam apenas 256 votos para o governo petista \u2014 um a menos do que o necess\u00e1rio para a aprova\u00e7\u00e3o. A bancada continua articulando com os deputados.<\/p>\n\n\n\n<h2 id=\"h-bancada-evangelica-contra-pl-da-censura\">Bancada Evang\u00e9lica contra PL da Censura<\/h2>\n\n\n\n<p>No domingo 30, o<strong><a href=\"https:\/\/revistaoeste.com\/no-ponto\/bancada-evangelica-se-posiciona-contra-projeto-da-censura\/\" target=\"_blank\" rel=\"noreferrer noopener\">&nbsp;colegiado orientou seus membros a votarem contra o PL da Censura<\/a><\/strong>. \u201cO texto mant\u00e9m em suas regras diversos dispositivos que penalizam a pluralidade de ideias e sobretudo os valores crist\u00e3os\u201d, argumentou o presidente da FPE, o&nbsp;<strong><a href=\"https:\/\/www.instagram.com\/dep.eliborges\/?hl=en\" target=\"_blank\" rel=\"noreferrer noopener\">deputado federal Eli Borges<\/a><\/strong>&nbsp;(PL-TO). \u201cVimos, com muito receio, a perman\u00eancia das obriga\u00e7\u00f5es de dever de cuidado que incluem a\u00e7\u00f5es preventivas das plataformas digitais e outros ve\u00edculos de comunica\u00e7\u00e3o em massa do pa\u00eds.\u201d<\/p>\n","protected":false},"excerpt":{"rendered":"<p>A Frente Parlamentar Evang\u00e9lica (FPE), mais conhecida como Bancada Evang\u00e9lica, trabalha nos bastidores para virar os votos dos deputados contra o Projeto de Lei (PL) da Censura. Conforme apurou&nbsp;Oeste, os integrantes do colegiado articularam-se no fim de semana e nesta segunda-feira, 1\u00b0, para montar uma base forte e reverter o placar contra o governo. Segundo [&hellip;]<\/p>\n","protected":false},"author":2,"featured_media":15580,"comment_status":"open","ping_status":"open","sticky":false,"template":"","format":"standard","meta":[],"categories":[8],"tags":[13],"_links":{"self":[{"href":"https:\/\/dgospel.com.br\/portal\/index.php\/wp-json\/wp\/v2\/posts\/15579"}],"collection":[{"href":"https:\/\/dgospel.com.br\/portal\/index.php\/wp-json\/wp\/v2\/posts"}],"about":[{"href":"https:\/\/dgospel.com.br\/portal\/index.php\/wp-json\/wp\/v2\/types\/post"}],"author":[{"embeddable":true,"href":"https:\/\/dgospel.com.br\/portal\/index.php\/wp-json\/wp\/v2\/users\/2"}],"replies":[{"embeddable":true,"href":"https:\/\/dgospel.com.br\/portal\/index.php\/wp-json\/wp\/v2\/comments?post=15579"}],"version-history":[{"count":1,"href":"https:\/\/dgospel.com.br\/portal\/index.php\/wp-json\/wp\/v2\/posts\/15579\/revisions"}],"predecessor-version":[{"id":15581,"href":"https:\/\/dgospel.com.br\/portal\/index.php\/wp-json\/wp\/v2\/posts\/15579\/revisions\/15581"}],"wp:featuredmedia":[{"embeddable":true,"href":"https:\/\/dgospel.com.br\/portal\/index.php\/wp-json\/wp\/v2\/media\/15580"}],"wp:attachment":[{"href":"https:\/\/dgospel.com.br\/portal\/index.php\/wp-json\/wp\/v2\/media?parent=15579"}],"wp:term":[{"taxonomy":"category","embeddable":true,"href":"https:\/\/dgospel.com.br\/portal\/index.php\/wp-json\/wp\/v2\/categories?post=15579"},{"taxonomy":"post_tag","embeddable":true,"href":"https:\/\/dgospel.com.br\/portal\/index.php\/wp-json\/wp\/v2\/tags?post=15579"}],"curies":[{"name":"wp","href":"https:\/\/api.w.org\/{rel}","templated":true}]}}