{"id":15585,"date":"2023-05-01T17:07:14","date_gmt":"2023-05-01T20:07:14","guid":{"rendered":"http:\/\/dgospel.com.br\/portal\/?p=15585"},"modified":"2023-05-01T17:07:16","modified_gmt":"2023-05-01T20:07:16","slug":"direita-vence-e-santiago-pena-e-o-novo-presidente-do-paraguai","status":"publish","type":"post","link":"https:\/\/dgospel.com.br\/portal\/index.php\/2023\/05\/01\/direita-vence-e-santiago-pena-e-o-novo-presidente-do-paraguai\/","title":{"rendered":"Direita vence e Santiago Pe\u00f1a \u00e9 o novo presidente do Paraguai"},"content":{"rendered":"\n<p>A direita paraguaia est\u00e1 em festa. Santiago Pe\u00f1a, do Partido Colorado, foi eleito neste domingo (30) o novo presidente do Paraguai. J\u00e1 com 86,8% das urnas apuradas, Pe\u00f1a j\u00e1 gozava de 43,3% dos votos, de acordo com informa\u00e7\u00f5es da Justi\u00e7a Eleitoral.<\/p>\n\n\n\n<p>Seu advers\u00e1rio pol\u00edtico, Efra\u00edn Alegre, do Partido Liberal, tem 27,5% dos votos e j\u00e1 n\u00e3o \u00e9 capaz de impedir a vit\u00f3ria de seu oponente. Esta elei\u00e7\u00e3o tem rela\u00e7\u00e3o direta com o Brasil, j\u00e1 que este ano ser\u00e1 a revis\u00e3o do Tratado da Usina de Itaipu.<\/p>\n\n\n\n<p>Os paraguaios tamb\u00e9m votaram pela composi\u00e7\u00e3o do Congresso e cargos de governadores de prov\u00edncias, que ser\u00e3o divulgados posteriormente. A espectativa \u00e9 de que os colorados consigam ampliar sua bancada no Senado e na C\u00e2mara.<\/p>\n\n\n\n<figure class=\"wp-block-image\"><img src=\"https:\/\/static.cdn.pleno.news\/2023\/04\/a1f1a549389cdfa519129e0719c19f4a75bee348w-1024x683.jpg\" alt=\"\" class=\"wp-image-1131543\"\/><figcaption>Santiago Pe\u00f1a discursa&nbsp;Foto: Ra\u00fal Mart\u00ednez\/EFE<\/figcaption><\/figure>\n\n\n\n<p>Santiago Pe\u00f1a \u00e9 um economista de 44 anos e foi o escolhido do Partido Colorado para enfrentar Alegre, um advogado de 60 anos, que fez uma coalis\u00e3o com partidos de centro e de esquerda na tentativa de chegar \u00e0 presid\u00eancia, ap\u00f3s outras duas tentativas fracassadas: uma em 2018 e outra em 2013.<\/p>\n\n\n\n<p>Pe\u00f1a defende pol\u00edticas liberais na economia e pautas conservadoras e religiosas.<\/p>\n\n\n\n<p>O novo mandat\u00e1rio paraguaio ser\u00e1 o negociador com o Brasil acerca da revis\u00e3o do Anexo C do Tratado de Itaipu, que formata as bases financeiras e de presta\u00e7\u00e3o dos servi\u00e7os de eletricidade da usina, marcada para o m\u00eas de agosto.<\/p>\n\n\n\n<figure class=\"wp-block-image\"><img src=\"https:\/\/static.cdn.pleno.news\/2023\/04\/273721a5b7404641b89a19c7beca9e6896abd7bdw-1024x680.jpg\" alt=\"\" class=\"wp-image-1131544\"\/><figcaption>Santiago Pe\u00f1a e sua esposa Leticia Ocampos&nbsp;Foto: Ra\u00fal Mart\u00ednez\/EFE<\/figcaption><\/figure>\n\n\n\n<p>De acordo com o documento assinado entre os pa\u00edses, toda a energia produzida deve ser dividida entre ambas as na\u00e7\u00f5es. O Paraguai nunca usou toda a gera\u00e7\u00e3o a que tem direito e, segundo o acordo firmado, tem o direito de vender o excedente ao Brasil.<\/p>\n\n\n\n<p>Durante a campanha, Pe\u00f1a comentou o assunto com o Estad\u00e3o.<\/p>\n\n\n\n<p>\u2013 Estou otimista para poder negociar isso com Lula. Ele \u00e9 uma pessoa com experi\u00eancia e h\u00e1 testemunhas de que<br>quer fortalecer os v\u00ednculos entre os dois pa\u00edses \u2013 disse.<\/p>\n","protected":false},"excerpt":{"rendered":"<p>A direita paraguaia est\u00e1 em festa. Santiago Pe\u00f1a, do Partido Colorado, foi eleito neste domingo (30) o novo presidente do Paraguai. J\u00e1 com 86,8% das urnas apuradas, Pe\u00f1a j\u00e1 gozava de 43,3% dos votos, de acordo com informa\u00e7\u00f5es da Justi\u00e7a Eleitoral. Seu advers\u00e1rio pol\u00edtico, Efra\u00edn Alegre, do Partido Liberal, tem 27,5% dos votos e j\u00e1 [&hellip;]<\/p>\n","protected":false},"author":2,"featured_media":15586,"comment_status":"open","ping_status":"open","sticky":false,"template":"","format":"standard","meta":[],"categories":[16],"tags":[],"_links":{"self":[{"href":"https:\/\/dgospel.com.br\/portal\/index.php\/wp-json\/wp\/v2\/posts\/15585"}],"collection":[{"href":"https:\/\/dgospel.com.br\/portal\/index.php\/wp-json\/wp\/v2\/posts"}],"about":[{"href":"https:\/\/dgospel.com.br\/portal\/index.php\/wp-json\/wp\/v2\/types\/post"}],"author":[{"embeddable":true,"href":"https:\/\/dgospel.com.br\/portal\/index.php\/wp-json\/wp\/v2\/users\/2"}],"replies":[{"embeddable":true,"href":"https:\/\/dgospel.com.br\/portal\/index.php\/wp-json\/wp\/v2\/comments?post=15585"}],"version-history":[{"count":1,"href":"https:\/\/dgospel.com.br\/portal\/index.php\/wp-json\/wp\/v2\/posts\/15585\/revisions"}],"predecessor-version":[{"id":15587,"href":"https:\/\/dgospel.com.br\/portal\/index.php\/wp-json\/wp\/v2\/posts\/15585\/revisions\/15587"}],"wp:featuredmedia":[{"embeddable":true,"href":"https:\/\/dgospel.com.br\/portal\/index.php\/wp-json\/wp\/v2\/media\/15586"}],"wp:attachment":[{"href":"https:\/\/dgospel.com.br\/portal\/index.php\/wp-json\/wp\/v2\/media?parent=15585"}],"wp:term":[{"taxonomy":"category","embeddable":true,"href":"https:\/\/dgospel.com.br\/portal\/index.php\/wp-json\/wp\/v2\/categories?post=15585"},{"taxonomy":"post_tag","embeddable":true,"href":"https:\/\/dgospel.com.br\/portal\/index.php\/wp-json\/wp\/v2\/tags?post=15585"}],"curies":[{"name":"wp","href":"https:\/\/api.w.org\/{rel}","templated":true}]}}