{"id":1559,"date":"2018-10-09T16:07:13","date_gmt":"2018-10-09T19:07:13","guid":{"rendered":"http:\/\/dgospel.com.br\/portal\/?p=1559"},"modified":"2018-10-09T16:15:00","modified_gmt":"2018-10-09T19:15:00","slug":"1559","status":"publish","type":"post","link":"https:\/\/dgospel.com.br\/portal\/index.php\/2018\/10\/09\/1559\/","title":{"rendered":"Campanha une 90 milh\u00f5es de crist\u00e3os em ora\u00e7\u00e3o pela paz em Jerusal\u00e9m"},"content":{"rendered":"<p>Estima-se que cerca de 90 milh\u00f5es de\u00a0<strong><a href=\"https:\/\/guiame.com.br\/gospel\/israel\/embaixador-de-israel-elogia-cristaos-brasileiros-e-um-povo-de-amor-incondicional.html\">crist\u00e3os<\/a><\/strong>\u00a0em todo o mundo se juntaram no Dia de Ora\u00e7\u00e3o pela Paz de\u00a0<strong><a href=\"https:\/\/guiame.com.br\/gospel\/israel\/deus-abencoe-jerusalem-diz-premie-de-israel-em-inauguracao-da-embaixada-dos-eua.html\">Jerusal\u00e9m<\/a><\/strong>, intercedendo por esta causa em mais de 170 pa\u00edses.<\/p>\n<p>Este ano, cerca de mil crist\u00e3os de todo o mundo reuniram-se com l\u00edderes crist\u00e3os e judeus no \u2018Haas Promenade\u2019, com vista para a Cidade Velha de Jerusal\u00e9m, para o evento principal que foi transmitido ao vivo pela emissora \u2018God TV\u2019.<\/p>\n<p>Baseados no Salmo 122:6, eles oraram pela paz de Jerusal\u00e9m e adoraram a Deus com m\u00fasica e dan\u00e7a.<\/p>\n<p>Robert Stearns, fundador e diretor executivo do \u201cEagles\u2019 Wings Ministry\u201d, \u00e9 o principal organizador do evento.<\/p>\n<p>&#8220;Assim, o dia de ora\u00e7\u00e3o pela paz de Jerusal\u00e9m em Jerusal\u00e9m foi inaugurado em 2005, quando Pat Robertson graciosamente voou at\u00e9 aqui e falou no primeiro dia de ora\u00e7\u00e3o&#8221;, disse Stearns \u00e0 CBN News.<\/p>\n<p>O evento anual re\u00fane judeus e crist\u00e3os para seguir a passagem b\u00edblica do Salmo 122: 6, que diz: &#8220;Orem pela paz de Jerusal\u00e9m: \u2018Vivam em seguran\u00e7a aqueles que te amam!&#8221;<\/p>\n<p>&#8220;Desde aquela \u00e9poca, o primeiro domingo de outubro \u00e9 agora comemorado como o dia de ora\u00e7\u00e3o pela paz de Jerusal\u00e9m em 174 na\u00e7\u00f5es ao redor do mundo. Nossos materiais foram traduzidos para 39 idiomas&#8221;, explicou Stearns.<\/p>\n<p>Os organizadores dizem que h\u00e1 muitas raz\u00f5es para orar pela paz de Jerusal\u00e9m.<\/p>\n<p>&#8220;Jerusal\u00e9m \u00e9 a raiz da nossa f\u00e9. Jerusal\u00e9m, em certo sentido, \u00e9 a cidade do nosso nascimento espiritual e da nossa esperan\u00e7a espiritual. Acreditamos que esta \u00e9 a cidade onde o governo de Deus se estabelecer\u00e1 e reinar\u00e1 sobre as na\u00e7\u00f5es e tem que tomar parte na prepara\u00e7\u00e3o do caminho do Senhor para a Sua presen\u00e7a nesta cidade&#8221;, disse Stearns.<\/p>\n<p>Josh Reinstein, diretor do Caucus dos Aliados Crist\u00e3os do Knesset, disse que Deus quer que judeus e crist\u00e3os mantenham Jerusal\u00e9m perto de seus cora\u00e7\u00f5es.<\/p>\n<p>&#8220;Agora o povo judeu acredita que Ele pede aos judeus e crist\u00e3os que orem pela paz de Jerusal\u00e9m, porque Ele sempre quer que levemos a quest\u00e3o de Jerusal\u00e9m e a mantenhamos perto do nosso cora\u00e7\u00e3o. Ele quer que pensemos em Jerusal\u00e9m. Ele quer que ensinemos aos nossos filhos sobre Jerusal\u00e9m e por isso levamos essa causa muito a s\u00e9rio&#8221;, disse Reinstein.<\/p>\n<p>Pastor Joe Green, vice-presidente s\u00eanior do Minist\u00e9rio Eagles&#8217; Wings, disse que os crist\u00e3os precisam entender o seu importante lugar neste cen\u00e1rio.<\/p>\n<p>&#8220;Precisamos entender que estamos inseridos neste lugar incr\u00edvel chamado Israel, mas igrejas crist\u00e3s de toda a Am\u00e9rica se esqueceram isso&#8221;, disse o pastor Joe Green \u00e0 CBN News.<\/p>\n<p>&#8220;O que n\u00f3s queremos fazer \u00e9 trazer \u00e0 consci\u00eancia sobre quem realmente somos. N\u00f3s n\u00e3o existimos sem o povo judeu ou o Estado judeu. N\u00f3s n\u00e3o estar\u00edamos por perto. Jesus era um judeu. Todos os ap\u00f3stolos eram judeus e ent\u00e3o nosso objetivo \u00e9 de alguma forma nos trazer voltar ao cristianismo b\u00edblico e b\u00ean\u00e7\u00e3os sobre este lugar incr\u00edvel. Temos absolutamente um privil\u00e9gio em poder honrar e aben\u00e7oar este lugar&#8221;, disse Green.<\/p>\n<p><strong>Gratid\u00e3o<\/strong><\/p>\n<p>Artistas crist\u00e3os populares, incluindo o cantor Eddie James e Misty Edwards, lideraram os louvores no culto. L\u00edderes judeus agradeceram aos crist\u00e3os por seu apoio.<\/p>\n<p>Michael Oren, membro do Knesset, encorajou os crist\u00e3os a defenderem o Estado judeu<\/p>\n<p>&#8220;H\u00e1 muitos organismos internacionais que negam a conex\u00e3o judaica a esta cidade \u2014 nossa hist\u00f3ria comum, nossas tradi\u00e7\u00f5es comuns \u2014 e n\u00f3s temos que nos unir. \u00c9 a mesma hist\u00f3ria, e qualquer um que negasse que havia um templo judeu l\u00e1 em cima est\u00e1 negando a Jesus&#8221;, disse Oren.<\/p>\n<p>O rabino David Nekrutman, do Centro de Entendimento e Coopera\u00e7\u00e3o Judaico-Crist\u00e3o (o primeiro centro ortodoxo no mundo a criar isto), disse que \u00e9 crucial neste momento que judeus e crist\u00e3os se unam.<\/p>\n<p>&#8220;Mais do que em qualquer outro momento da hist\u00f3ria, judeus e crist\u00e3os precisam se unir porque o mundo n\u00e3o apenas isola Israel no Estado, mas at\u00e9 mesmo os movimentos do cristianismo est\u00e3o isolando Israel no cen\u00e1rio mundial&#8221;, disse o rabino Nekrutman.<\/p>\n<p>O orador principal, rabino Marc Schneier, ex-rabino-chefe de Nova York e rabino da Sinagoga Hampton, acredita que \u00e9 um milagre que judeus e crist\u00e3os possam se unir.<\/p>\n<p>&#8220;Se voc\u00ea olhar para a hist\u00f3ria das rela\u00e7\u00f5es crist\u00e3-judaicas por quase 2.000 anos, n\u00f3s sofremos persegui\u00e7\u00e3o pela comunidade crist\u00e3. Pense nas Cruzadas, na Inquisi\u00e7\u00e3o, at\u00e9 no sil\u00eancio ensurdecedor da Igreja, enquanto milh\u00f5es foram assassinados no Holocausto. Por isso, estamos vivendo tempos milagrosos. E um desses milagres \u00e9 a reconcilia\u00e7\u00e3o entre nossas duas comunidades de f\u00e9 e acredito que tamb\u00e9m estamos celebrando isso aqui hoje&#8221;, disse o rabino Schneier \u00e0 CBN News.<\/p>\n<p>Apesar das diferen\u00e7as, a amizade genu\u00edna est\u00e1 substituindo a suspeita entre eles, disse Stearns.<\/p>\n<p>&#8220;Vimos pela primeira vez em 2.000 anos de hist\u00f3ria da Igreja judeus e crist\u00e3os com paredes de suspeita desmoronando e amizade genu\u00edna e coopera\u00e7\u00e3o entre judeus e crist\u00e3os \u2014 n\u00e3o fingindo que n\u00e3o temos diferen\u00e7as teol\u00f3gicas porque realmente as temos, divididos em rela\u00e7\u00e3o \u00e0 identidade do Messias \u2014 mas estamos unidos em ora\u00e7\u00e3o&#8221;, disse Stearns.<\/p>\n<p>FONTE: GUIAME, COM INFORMA\u00c7\u00d5ES DA CBN NEWS<\/p>\n","protected":false},"excerpt":{"rendered":"<p>Estima-se que cerca de 90 milh\u00f5es de\u00a0crist\u00e3os\u00a0em todo o mundo se juntaram no Dia de Ora\u00e7\u00e3o pela Paz de\u00a0Jerusal\u00e9m, intercedendo por esta causa em mais de 170 pa\u00edses. Este ano, cerca de mil crist\u00e3os de todo o mundo reuniram-se com l\u00edderes crist\u00e3os e judeus no \u2018Haas Promenade\u2019, com vista para a Cidade Velha de Jerusal\u00e9m, [&hellip;]<\/p>\n","protected":false},"author":2,"featured_media":1560,"comment_status":"open","ping_status":"open","sticky":false,"template":"","format":"standard","meta":[],"categories":[2,10,5],"tags":[],"_links":{"self":[{"href":"https:\/\/dgospel.com.br\/portal\/index.php\/wp-json\/wp\/v2\/posts\/1559"}],"collection":[{"href":"https:\/\/dgospel.com.br\/portal\/index.php\/wp-json\/wp\/v2\/posts"}],"about":[{"href":"https:\/\/dgospel.com.br\/portal\/index.php\/wp-json\/wp\/v2\/types\/post"}],"author":[{"embeddable":true,"href":"https:\/\/dgospel.com.br\/portal\/index.php\/wp-json\/wp\/v2\/users\/2"}],"replies":[{"embeddable":true,"href":"https:\/\/dgospel.com.br\/portal\/index.php\/wp-json\/wp\/v2\/comments?post=1559"}],"version-history":[{"count":4,"href":"https:\/\/dgospel.com.br\/portal\/index.php\/wp-json\/wp\/v2\/posts\/1559\/revisions"}],"predecessor-version":[{"id":1564,"href":"https:\/\/dgospel.com.br\/portal\/index.php\/wp-json\/wp\/v2\/posts\/1559\/revisions\/1564"}],"wp:featuredmedia":[{"embeddable":true,"href":"https:\/\/dgospel.com.br\/portal\/index.php\/wp-json\/wp\/v2\/media\/1560"}],"wp:attachment":[{"href":"https:\/\/dgospel.com.br\/portal\/index.php\/wp-json\/wp\/v2\/media?parent=1559"}],"wp:term":[{"taxonomy":"category","embeddable":true,"href":"https:\/\/dgospel.com.br\/portal\/index.php\/wp-json\/wp\/v2\/categories?post=1559"},{"taxonomy":"post_tag","embeddable":true,"href":"https:\/\/dgospel.com.br\/portal\/index.php\/wp-json\/wp\/v2\/tags?post=1559"}],"curies":[{"name":"wp","href":"https:\/\/api.w.org\/{rel}","templated":true}]}}