{"id":15590,"date":"2023-05-02T14:48:35","date_gmt":"2023-05-02T17:48:35","guid":{"rendered":"http:\/\/dgospel.com.br\/portal\/?p=15590"},"modified":"2023-05-02T14:48:36","modified_gmt":"2023-05-02T17:48:36","slug":"ato-contra-lula-marca-o-dia-do-trabalhador-no-rio-de-janeiro","status":"publish","type":"post","link":"https:\/\/dgospel.com.br\/portal\/index.php\/2023\/05\/02\/ato-contra-lula-marca-o-dia-do-trabalhador-no-rio-de-janeiro\/","title":{"rendered":"Ato contra Lula marca o Dia do Trabalhador no Rio de Janeiro"},"content":{"rendered":"\n<p>Um protesto com cr\u00edticas aos governos do presidente&nbsp;<a href=\"http:\/\/pleno.news\/tag\/lula\" target=\"_blank\" rel=\"noreferrer noopener\">Lula<\/a>&nbsp;(PT) e do prefeito&nbsp;<a href=\"http:\/\/pleno.news\/tag\/eduardo-paes\" target=\"_blank\" rel=\"noreferrer noopener\">Eduardo Paes<\/a>&nbsp;(PSD) marcaram o feriado do Dia do Trabalhador no Rio de Janeiro, nesta segunda-feira (1\u00b0). Vestidos de verde e amarelo, diversos manifestantes ocuparam a Avenida Atl\u00e2ntica, em Copacabana, na Zona Sul da capital fluminense. Segundo estimativa da organiza\u00e7\u00e3o, cerca de 5 mil manifestantes participaram do protesto.<\/p>\n\n\n\n<p>O deputado estadual Alan Lopes (PL), um dos pol\u00edticos a discursar na manifesta\u00e7\u00e3o, demonstrou confian\u00e7a com a possibilidade de que o senador Fl\u00e1vio Bolsonaro (PL-RJ) ven\u00e7a as elei\u00e7\u00f5es municipais na capital fluminense no pr\u00f3ximo ano.<\/p>\n\n\n\n<p>\u2013 Podem ter certeza que n\u00f3s vamos recuperar o nosso pa\u00eds, e a extens\u00e3o do governo corrupto aqui no Rio, do prefeito Eduardo Paes, vai cair ano que vem. N\u00f3s vamos eleger o nosso prefeito, o senador Fl\u00e1vio Bolsonaro vai liderar o Rio de Janeiro \u2013 disse Alan.<\/p>\n\n\n\n<p>Lopes tamb\u00e9m declarou que a instala\u00e7\u00e3o da Comiss\u00e3o Parlamentar Mista de Inqu\u00e9rito (CPMI) dos atos do dia 8 de janeiro em Bras\u00edlia, que tem como objetivo investigar a invas\u00e3o dos pr\u00e9dios p\u00fablicos na capital federal, ser\u00e1 o in\u00edcio da derrocada do governo Lula (PT).<\/p>\n\n\n\n<p>\u2013 O Brasil vai reconhecer a armadilha que a esquerda preparou para criminalizar a direita, mas n\u00e3o conseguir\u00e3o. Podem ter certeza porque as imagens est\u00e3o a\u00ed. N\u00f3s vamos recuperar o nosso pa\u00eds, n\u00e3o vai cair s\u00f3 o ladr\u00e3o n\u00e3o, vai cair a chapa inteira, n\u00f3s exigimos porque todo poder emana do povo \u2013 finalizou o deputado estadual.<\/p>\n","protected":false},"excerpt":{"rendered":"<p>Um protesto com cr\u00edticas aos governos do presidente&nbsp;Lula&nbsp;(PT) e do prefeito&nbsp;Eduardo Paes&nbsp;(PSD) marcaram o feriado do Dia do Trabalhador no Rio de Janeiro, nesta segunda-feira (1\u00b0). Vestidos de verde e amarelo, diversos manifestantes ocuparam a Avenida Atl\u00e2ntica, em Copacabana, na Zona Sul da capital fluminense. Segundo estimativa da organiza\u00e7\u00e3o, cerca de 5 mil manifestantes participaram [&hellip;]<\/p>\n","protected":false},"author":2,"featured_media":15591,"comment_status":"open","ping_status":"open","sticky":false,"template":"","format":"standard","meta":[],"categories":[10],"tags":[],"_links":{"self":[{"href":"https:\/\/dgospel.com.br\/portal\/index.php\/wp-json\/wp\/v2\/posts\/15590"}],"collection":[{"href":"https:\/\/dgospel.com.br\/portal\/index.php\/wp-json\/wp\/v2\/posts"}],"about":[{"href":"https:\/\/dgospel.com.br\/portal\/index.php\/wp-json\/wp\/v2\/types\/post"}],"author":[{"embeddable":true,"href":"https:\/\/dgospel.com.br\/portal\/index.php\/wp-json\/wp\/v2\/users\/2"}],"replies":[{"embeddable":true,"href":"https:\/\/dgospel.com.br\/portal\/index.php\/wp-json\/wp\/v2\/comments?post=15590"}],"version-history":[{"count":1,"href":"https:\/\/dgospel.com.br\/portal\/index.php\/wp-json\/wp\/v2\/posts\/15590\/revisions"}],"predecessor-version":[{"id":15592,"href":"https:\/\/dgospel.com.br\/portal\/index.php\/wp-json\/wp\/v2\/posts\/15590\/revisions\/15592"}],"wp:featuredmedia":[{"embeddable":true,"href":"https:\/\/dgospel.com.br\/portal\/index.php\/wp-json\/wp\/v2\/media\/15591"}],"wp:attachment":[{"href":"https:\/\/dgospel.com.br\/portal\/index.php\/wp-json\/wp\/v2\/media?parent=15590"}],"wp:term":[{"taxonomy":"category","embeddable":true,"href":"https:\/\/dgospel.com.br\/portal\/index.php\/wp-json\/wp\/v2\/categories?post=15590"},{"taxonomy":"post_tag","embeddable":true,"href":"https:\/\/dgospel.com.br\/portal\/index.php\/wp-json\/wp\/v2\/tags?post=15590"}],"curies":[{"name":"wp","href":"https:\/\/api.w.org\/{rel}","templated":true}]}}