{"id":15593,"date":"2023-05-02T15:31:27","date_gmt":"2023-05-02T18:31:27","guid":{"rendered":"http:\/\/dgospel.com.br\/portal\/?p=15593"},"modified":"2023-05-02T15:41:24","modified_gmt":"2023-05-02T18:41:24","slug":"direto-ao-ponto","status":"publish","type":"post","link":"https:\/\/dgospel.com.br\/portal\/index.php\/2023\/05\/02\/direto-ao-ponto\/","title":{"rendered":"Direto ao ponto: Lula recebe Lira; Malafaia responde declara\u00e7\u00e3o de Daniela Lima; Vereador Nego novo L\u00edder na C\u00e2mara Municipal de Palmas"},"content":{"rendered":"\n<p><strong>Lula recebe Lira<\/strong><\/p>\n\n\n\n<p>Na manh\u00e3 desta segunda-feira (2), os presidentes da Rep\u00fablica e C\u00e2mara dos Deputados, Luiz In\u00e1cio Lula da Silva (PT) e Arthur Lira (PP), se encontraram no Pal\u00e1cio da Alvorada. A reuni\u00e3o, que durou 45 minutos e ocorreu a portas fechadas, n\u00e3o estava prevista na agenda das duas autoridades.<\/p>\n\n\n\n<p><strong>Malafaia responde declara\u00e7\u00e3o de Daniela Lima<\/strong><\/p>\n\n\n\n<p>O pastor&nbsp;<a href=\"http:\/\/pleno.news\/tag\/silas-malafaia\" target=\"_blank\" rel=\"noreferrer noopener\">Silas Malafaia<\/a>, l\u00edder da Assembleia de Deus Vit\u00f3ria em Cristo (Advec), se pronunciou em seu perfil no&nbsp;<a href=\"http:\/\/pleno.news\/tag\/twitter\" target=\"_blank\" rel=\"noreferrer noopener\">Twitter<\/a>&nbsp;nesta ter\u00e7a-feira (2) em resposta a uma declara\u00e7\u00e3o feita pela \u00e2ncora Daniela Lima na edi\u00e7\u00e3o desta segunda (1\u00b0) do programa&nbsp;CNN 360\u00b0. Na ocasi\u00e3o, a jornalista afirmou que a defesa de alguns vers\u00edculos b\u00edblicos poderia caracterizar condutas como racismo e homofobia.<\/p>\n\n\n\n<p>\u2013 A jornalista cretina da CNN Daniela Lima. Falando um monte de asneira sobre a B\u00edblia, que ela n\u00e3o entende nada. A sua boca \u00e9 um verdadeiro esgoto. Esse \u00e9 o jornalismo inescrupuloso da CNN \u2013 escreveu.<\/p>\n\n\n\n<p><strong>Vereador Nego novo L\u00edder na C\u00e2mara Municipal de Palmas<\/strong><\/p>\n\n\n\n<p>Durante a sess\u00e3o ordin\u00e1ria desta ter\u00e7a-feira (2), na C\u00e2mara Municipal de Palmas, foi lida a indica\u00e7\u00e3o do vereador Nego (sem partido) para assumir como l\u00edder de governo da gest\u00e3o municipal na CMP. \u201cRecebo essa miss\u00e3o com muito entusiasmo, visto que tenho muita facilidade em conversar com todos os parlamentares da Casa e tamb\u00e9m tenho acesso a todos os secret\u00e1rios da gest\u00e3o municipal. Tenho absoluta convic\u00e7\u00e3o de que farei um bom trabalho \u00e0 frente dessa miss\u00e3o que me foi dada pela prefeita Cinthia Ribeiro, de ser essa ponte de liga\u00e7\u00e3o entre o Pal\u00e1cio e a C\u00e2mara de Palmas\u201d, refletiu Nego.<\/p>\n","protected":false},"excerpt":{"rendered":"<p>Lula recebe Lira Na manh\u00e3 desta segunda-feira (2), os presidentes da Rep\u00fablica e C\u00e2mara dos Deputados, Luiz In\u00e1cio Lula da Silva (PT) e Arthur Lira (PP), se encontraram no Pal\u00e1cio da Alvorada. A reuni\u00e3o, que durou 45 minutos e ocorreu a portas fechadas, n\u00e3o estava prevista na agenda das duas autoridades. Malafaia responde declara\u00e7\u00e3o de [&hellip;]<\/p>\n","protected":false},"author":2,"featured_media":15598,"comment_status":"open","ping_status":"open","sticky":false,"template":"","format":"standard","meta":[],"categories":[11,12],"tags":[],"_links":{"self":[{"href":"https:\/\/dgospel.com.br\/portal\/index.php\/wp-json\/wp\/v2\/posts\/15593"}],"collection":[{"href":"https:\/\/dgospel.com.br\/portal\/index.php\/wp-json\/wp\/v2\/posts"}],"about":[{"href":"https:\/\/dgospel.com.br\/portal\/index.php\/wp-json\/wp\/v2\/types\/post"}],"author":[{"embeddable":true,"href":"https:\/\/dgospel.com.br\/portal\/index.php\/wp-json\/wp\/v2\/users\/2"}],"replies":[{"embeddable":true,"href":"https:\/\/dgospel.com.br\/portal\/index.php\/wp-json\/wp\/v2\/comments?post=15593"}],"version-history":[{"count":3,"href":"https:\/\/dgospel.com.br\/portal\/index.php\/wp-json\/wp\/v2\/posts\/15593\/revisions"}],"predecessor-version":[{"id":15599,"href":"https:\/\/dgospel.com.br\/portal\/index.php\/wp-json\/wp\/v2\/posts\/15593\/revisions\/15599"}],"wp:featuredmedia":[{"embeddable":true,"href":"https:\/\/dgospel.com.br\/portal\/index.php\/wp-json\/wp\/v2\/media\/15598"}],"wp:attachment":[{"href":"https:\/\/dgospel.com.br\/portal\/index.php\/wp-json\/wp\/v2\/media?parent=15593"}],"wp:term":[{"taxonomy":"category","embeddable":true,"href":"https:\/\/dgospel.com.br\/portal\/index.php\/wp-json\/wp\/v2\/categories?post=15593"},{"taxonomy":"post_tag","embeddable":true,"href":"https:\/\/dgospel.com.br\/portal\/index.php\/wp-json\/wp\/v2\/tags?post=15593"}],"curies":[{"name":"wp","href":"https:\/\/api.w.org\/{rel}","templated":true}]}}