{"id":15609,"date":"2023-05-02T16:16:23","date_gmt":"2023-05-02T19:16:23","guid":{"rendered":"http:\/\/dgospel.com.br\/portal\/?p=15609"},"modified":"2023-05-02T16:16:25","modified_gmt":"2023-05-02T19:16:25","slug":"governo-do-tocantins-avanca-na-regularizacao-fundiaria-e-realiza-mais-de-400-cadastros-de-familias-norte-do-estado","status":"publish","type":"post","link":"https:\/\/dgospel.com.br\/portal\/index.php\/2023\/05\/02\/governo-do-tocantins-avanca-na-regularizacao-fundiaria-e-realiza-mais-de-400-cadastros-de-familias-norte-do-estado\/","title":{"rendered":"Governo do Tocantins avan\u00e7a na regulariza\u00e7\u00e3o fundi\u00e1ria e realiza mais de 400 cadastros de fam\u00edlias norte do Estado"},"content":{"rendered":"\n<p>Em continuidade \u00e0s a\u00e7\u00f5es de Regulariza\u00e7\u00e3o Fundi\u00e1ria Urbana (Reurb) no Estado, o Governo do Tocantins, por meio da Companhia Imobili\u00e1ria de Participa\u00e7\u00f5es, Investimentos e Parcerias \u2013 Tocantins Parcerias, realizou no fim do m\u00eas de abril capacita\u00e7\u00f5es e mobiliza\u00e7\u00f5es sociais nos munic\u00edpios de Chapada de Areia, Araguan\u00e3, Darcin\u00f3polis, Mauril\u00e2ndia e Sampaio, regi\u00e3o norte do Tocantins. As atividades iniciaram na segunda-feira, 24, e terminaram na sexta, 28.<\/p>\n\n\n\n<p>Durante as visitas, as servidoras t\u00e9cnicas social da Companhia, em conjunto com o N\u00facleo de Preven\u00e7\u00e3o e Regulariza\u00e7\u00e3o Fundi\u00e1ria, \u00f3rg\u00e3o vinculado a Corregedoria Geral de Justi\u00e7a, realizaram mais de 400 cadastros sociais de fam\u00edlias benefici\u00e1rias, al\u00e9m da capacita\u00e7\u00e3o para os servidores municipais sobre a Reurb. \u201cNosso maior objetivo \u00e9 potencializar a atua\u00e7\u00e3o e a autonomia das gest\u00f5es municipais na operacionaliza\u00e7\u00e3o dos procedimentos de Reurb, de forma integrada com os manuais desenvolvidos para os gestores e servidores, &nbsp;bem como no enfrentamento da irregularidade fundi\u00e1ria\u201d, explicou a t\u00e9cnica social da Tocantins Parcerias, Tatiane Alves.&nbsp;<\/p>\n\n\n\n<p>Mais de mil fam\u00edlias da regi\u00e3o norte do Tocantins aguardam pelo t\u00edtulo registrado do im\u00f3vel. A previs\u00e3o \u00e9 que ainda no primeiro semestre deste ano, a primeira etapa do setor Zona Central, do munic\u00edpio de Sampaio do Tocantins, cerca de 642 km da Capital, seja conclu\u00edda com regulariza\u00e7\u00e3o de mais de 300 im\u00f3veis.&nbsp;<\/p>\n\n\n\n<p>A regulariza\u00e7\u00e3o fundi\u00e1ria \u00e9 um instrumento para solucionar a situa\u00e7\u00e3o de pessoas que n\u00e3o tinham possibilidades de regularizar seu im\u00f3vel pelas legisla\u00e7\u00f5es tradicionais, possibilitando assim, o acesso ao t\u00edtulo que garante o direito real sobre a propriedade das fam\u00edlias, oferecendo seguran\u00e7a jur\u00eddica, a redu\u00e7\u00e3o dos conflitos fundi\u00e1rios, a amplia\u00e7\u00e3o do acesso ao cr\u00e9dito, al\u00e9m do est\u00edmulo \u00e0 formaliza\u00e7\u00e3o de empresas e aumento do patrim\u00f4nio imobili\u00e1rio do pa\u00eds.<\/p>\n\n\n\n<p><img src=\"https:\/\/central.to.gov.br\/image\/327687?w=670&amp;h=383\"><\/p>\n\n\n\n<p>Servidores municipais recebem manuais com orienta\u00e7\u00f5es sobre o processo de regulariza\u00e7\u00e3o fundi\u00e1ria &#8211; Tocantins Parcerias\/Governo do Tocantins&nbsp;<\/p>\n","protected":false},"excerpt":{"rendered":"<p>Em continuidade \u00e0s a\u00e7\u00f5es de Regulariza\u00e7\u00e3o Fundi\u00e1ria Urbana (Reurb) no Estado, o Governo do Tocantins, por meio da Companhia Imobili\u00e1ria de Participa\u00e7\u00f5es, Investimentos e Parcerias \u2013 Tocantins Parcerias, realizou no fim do m\u00eas de abril capacita\u00e7\u00f5es e mobiliza\u00e7\u00f5es sociais nos munic\u00edpios de Chapada de Areia, Araguan\u00e3, Darcin\u00f3polis, Mauril\u00e2ndia e Sampaio, regi\u00e3o norte do Tocantins. As [&hellip;]<\/p>\n","protected":false},"author":2,"featured_media":15610,"comment_status":"open","ping_status":"open","sticky":false,"template":"","format":"standard","meta":[],"categories":[3],"tags":[13],"_links":{"self":[{"href":"https:\/\/dgospel.com.br\/portal\/index.php\/wp-json\/wp\/v2\/posts\/15609"}],"collection":[{"href":"https:\/\/dgospel.com.br\/portal\/index.php\/wp-json\/wp\/v2\/posts"}],"about":[{"href":"https:\/\/dgospel.com.br\/portal\/index.php\/wp-json\/wp\/v2\/types\/post"}],"author":[{"embeddable":true,"href":"https:\/\/dgospel.com.br\/portal\/index.php\/wp-json\/wp\/v2\/users\/2"}],"replies":[{"embeddable":true,"href":"https:\/\/dgospel.com.br\/portal\/index.php\/wp-json\/wp\/v2\/comments?post=15609"}],"version-history":[{"count":1,"href":"https:\/\/dgospel.com.br\/portal\/index.php\/wp-json\/wp\/v2\/posts\/15609\/revisions"}],"predecessor-version":[{"id":15611,"href":"https:\/\/dgospel.com.br\/portal\/index.php\/wp-json\/wp\/v2\/posts\/15609\/revisions\/15611"}],"wp:featuredmedia":[{"embeddable":true,"href":"https:\/\/dgospel.com.br\/portal\/index.php\/wp-json\/wp\/v2\/media\/15610"}],"wp:attachment":[{"href":"https:\/\/dgospel.com.br\/portal\/index.php\/wp-json\/wp\/v2\/media?parent=15609"}],"wp:term":[{"taxonomy":"category","embeddable":true,"href":"https:\/\/dgospel.com.br\/portal\/index.php\/wp-json\/wp\/v2\/categories?post=15609"},{"taxonomy":"post_tag","embeddable":true,"href":"https:\/\/dgospel.com.br\/portal\/index.php\/wp-json\/wp\/v2\/tags?post=15609"}],"curies":[{"name":"wp","href":"https:\/\/api.w.org\/{rel}","templated":true}]}}