{"id":15612,"date":"2023-05-02T16:59:25","date_gmt":"2023-05-02T19:59:25","guid":{"rendered":"http:\/\/dgospel.com.br\/portal\/?p=15612"},"modified":"2023-05-02T16:59:27","modified_gmt":"2023-05-02T19:59:27","slug":"leo-barbosa-destina-r120-mil-em-emenda-para-a-estruturacao-da-clinica-de-atencao-a-crianca-autista-de-alianca-do-to","status":"publish","type":"post","link":"https:\/\/dgospel.com.br\/portal\/index.php\/2023\/05\/02\/leo-barbosa-destina-r120-mil-em-emenda-para-a-estruturacao-da-clinica-de-atencao-a-crianca-autista-de-alianca-do-to\/","title":{"rendered":"L\u00e9o Barbosa destina R$120 mil em emenda para a estrutura\u00e7\u00e3o da Cl\u00ednica de Aten\u00e7\u00e3o \u00e0 Crian\u00e7a Autista de Alian\u00e7a do TO"},"content":{"rendered":"\n<p>A Casa TEA, Cl\u00ednica de Aten\u00e7\u00e3o \u00e0 Crian\u00e7a Autista de Alian\u00e7a do Tocantins, vai receber uma emenda no valor de R$120 mil reais para a aquisi\u00e7\u00e3o de equipamentos, mobili\u00e1rios e recursos terap\u00eauticos. O valor foi destinado pelo deputado estadual L\u00e9o Barbosa (Republicanos) e solicitado pelo l\u00edder pol\u00edtico Dionne Aires.<\/p>\n\n\n\n<p>Segundo o secret\u00e1rio Municipal de Sa\u00fade de Alian\u00e7a, Josiel Berticelli, a Cl\u00ednica Casa TEA vai atender 22 crian\u00e7as autistas e seus familiares, em sua maioria inseridos em baixa renda e dependentes do sistema \u00fanico de sa\u00fade (SUS). \u201cA Casa TEA visa proporcionar um trabalho multiprofissional, oferecendo condi\u00e7\u00f5es para a promo\u00e7\u00e3o da qualidade de vida dos pacientes e com este recurso destinado pelo deputado L\u00e9o faremos a aquisi\u00e7\u00e3o da estrutura necess\u00e1ria para o funcionamento da cl\u00ednica. Ser\u00e1 um grande avan\u00e7o para a sa\u00fade de Alian\u00e7a e uma conquista muito importante para as fam\u00edlias que precisam deste atendimento especializado\u201d, frisou Josiel.<\/p>\n\n\n\n<p>Durante uma reuni\u00e3o realizada na Assembleia Legislativa do Tocantins, na manh\u00e3 desta ter\u00e7a-feira, 02, Barbosa recebeu integrantes da equipe idealizadora do projeto e destacou a import\u00e2ncia da amplia\u00e7\u00e3o da rede de atendimento especializado para os autistas.<\/p>\n\n\n\n<p>\u201cEstamos fazendo um grande trabalho para ajudar o munic\u00edpio a desenvolver o atendimento t\u00e3o necess\u00e1rio para essas 22 crian\u00e7as j\u00e1 diagnosticadas com autismo. Sabemos como \u00e9 dif\u00edcil ter que se deslocar para outra cidade em busca de tratamento e ter essa estrutura pr\u00f3xima de casa faz muita diferen\u00e7a. Fico muito feliz de ser parceiro de bons projetos e estou destinando emenda para que Alian\u00e7a possa desenvolver este trabalho de atendimento, aten\u00e7\u00e3o, inclus\u00e3o e diagn\u00f3stico\u201d, destacou o parlamentar.<\/p>\n","protected":false},"excerpt":{"rendered":"<p>A Casa TEA, Cl\u00ednica de Aten\u00e7\u00e3o \u00e0 Crian\u00e7a Autista de Alian\u00e7a do Tocantins, vai receber uma emenda no valor de R$120 mil reais para a aquisi\u00e7\u00e3o de equipamentos, mobili\u00e1rios e recursos terap\u00eauticos. O valor foi destinado pelo deputado estadual L\u00e9o Barbosa (Republicanos) e solicitado pelo l\u00edder pol\u00edtico Dionne Aires. Segundo o secret\u00e1rio Municipal de Sa\u00fade [&hellip;]<\/p>\n","protected":false},"author":2,"featured_media":15613,"comment_status":"open","ping_status":"open","sticky":false,"template":"","format":"standard","meta":[],"categories":[8],"tags":[],"_links":{"self":[{"href":"https:\/\/dgospel.com.br\/portal\/index.php\/wp-json\/wp\/v2\/posts\/15612"}],"collection":[{"href":"https:\/\/dgospel.com.br\/portal\/index.php\/wp-json\/wp\/v2\/posts"}],"about":[{"href":"https:\/\/dgospel.com.br\/portal\/index.php\/wp-json\/wp\/v2\/types\/post"}],"author":[{"embeddable":true,"href":"https:\/\/dgospel.com.br\/portal\/index.php\/wp-json\/wp\/v2\/users\/2"}],"replies":[{"embeddable":true,"href":"https:\/\/dgospel.com.br\/portal\/index.php\/wp-json\/wp\/v2\/comments?post=15612"}],"version-history":[{"count":1,"href":"https:\/\/dgospel.com.br\/portal\/index.php\/wp-json\/wp\/v2\/posts\/15612\/revisions"}],"predecessor-version":[{"id":15614,"href":"https:\/\/dgospel.com.br\/portal\/index.php\/wp-json\/wp\/v2\/posts\/15612\/revisions\/15614"}],"wp:featuredmedia":[{"embeddable":true,"href":"https:\/\/dgospel.com.br\/portal\/index.php\/wp-json\/wp\/v2\/media\/15613"}],"wp:attachment":[{"href":"https:\/\/dgospel.com.br\/portal\/index.php\/wp-json\/wp\/v2\/media?parent=15612"}],"wp:term":[{"taxonomy":"category","embeddable":true,"href":"https:\/\/dgospel.com.br\/portal\/index.php\/wp-json\/wp\/v2\/categories?post=15612"},{"taxonomy":"post_tag","embeddable":true,"href":"https:\/\/dgospel.com.br\/portal\/index.php\/wp-json\/wp\/v2\/tags?post=15612"}],"curies":[{"name":"wp","href":"https:\/\/api.w.org\/{rel}","templated":true}]}}