{"id":15616,"date":"2023-05-04T14:52:56","date_gmt":"2023-05-04T17:52:56","guid":{"rendered":"http:\/\/dgospel.com.br\/portal\/?p=15616"},"modified":"2023-05-04T14:52:58","modified_gmt":"2023-05-04T17:52:58","slug":"grupo-de-42-deputados-protocola-pedido-de-impeachment-de-lula-por-8-de-janeiro","status":"publish","type":"post","link":"https:\/\/dgospel.com.br\/portal\/index.php\/2023\/05\/04\/grupo-de-42-deputados-protocola-pedido-de-impeachment-de-lula-por-8-de-janeiro\/","title":{"rendered":"Grupo de 42 deputados protocola pedido de\u00a0impeachment\u00a0de Lula por 8 de janeiro"},"content":{"rendered":"\n<p>Com o argumento de que o governo foi omisso para conter os atos de 8 de janeiro, um grupo de 42 deputados apresentou na<a href=\"https:\/\/www.camara.leg.br\/\">&nbsp;<strong>C\u00e2mara Federal<\/strong><\/a>&nbsp;um pedido de&nbsp;<em>impeachment&nbsp;<\/em>do presidente Lula. Eles afirmam que o petista cometeu crime de responsabilidade porque \u00f3rg\u00e3os internos do governo alertaram sobre o risco de invas\u00e3o de pr\u00e9dios p\u00fablicos, mas nada fizeram.<\/p>\n\n\n\n<p>Na semana que antecedeu o ataque, a Ag\u00eancia Brasileira de Intelig\u00eancia (Abin) alertou o Gabinete de Seguran\u00e7a Institucional (GSI) e o Minist\u00e9rio da Justi\u00e7a de que haveria manifesta\u00e7\u00f5es violentas em Bras\u00edlia naquele fim de semana (entre 7 e 8 de janeiro), mas os dois \u00f3rg\u00e3os n\u00e3o adotaram medidas para impedir os atos de vandalismo no Planalto, no Congresso e no Supremo Tribunal Federal (STF).<\/p>\n\n\n\n<p>Pelo contr\u00e1rio, dizem os deputados. O ent\u00e3o chefe do GSI, general Gon\u00e7alves Dias estava em franca intera\u00e7\u00e3o com os manifestantes e membros do Gabinete at\u00e9 mesmo ofereceram \u00e1gua aos invasores do Planalto.<\/p>\n\n\n\n<p>As imagens em que Dias aparece na cena do crime somente foram reveladas em 19 de abril,<a href=\"https:\/\/revistaoeste.com\/politica\/imagens-mostram-atuacao-do-gsi-no-8-de-janeiro\/\">&nbsp;<strong>depois que a CNN conseguiu as grava\u00e7\u00f5es feitas pelo sistema interno de c\u00e2meras do Planalto<\/strong><\/a>. Essas imagens estavam sob sigilo, decretado pelo pr\u00f3prio GSI.<\/p>\n\n\n\n<p>Depois do vazamento das imagens, Gon\u00e7alves Dias, considerado o \u201csombra\u201d de Lula, j\u00e1 que esteve na seguran\u00e7a pessoal do presidente nos dois primeiros mandatos e na campanha de 2022, exonerou-se do cargo.<\/p>\n\n\n\n<p>&nbsp;\u201cMesmo ciente dos alertas da Abin, n\u00e3o foi realizado qualquer refor\u00e7o no esquema de seguran\u00e7a do Pal\u00e1cio do Planalto por parte do governo federal, deixando-o vulner\u00e1vel \u00e0 invas\u00e3o. A falha na preven\u00e7\u00e3o de tais atos, mesmo com antecedentes alertas, \u00e9 inaceit\u00e1vel em um Estado de Direito e configura grave omiss\u00e3o do presidente da Rep\u00fablica em garantir a seguran\u00e7a e a ordem p\u00fablica no pa\u00eds\u201d, escreveram os deputados, no pedido de&nbsp;<em>impeachment<\/em>.<\/p>\n\n\n\n<p>Os parlamentares afirmam que Lula violou a&nbsp;<strong><a href=\"https:\/\/www.planalto.gov.br\/ccivil_03\/leis\/l1079.htm\" target=\"_blank\" rel=\"noreferrer noopener\">Lei 1.079\/1950<\/a><\/strong>, que trata dos crimes de responsabilidade e do processo de julgamento para a perda do cargo. O artigo 8\u00ba estabelece como crimes de responsabilidade, e portanto suscet\u00edveis de&nbsp;<em>impeachment<\/em>, os crimes contra a seguran\u00e7a interna do pa\u00eds. Entre as condutas que configuram esses crimes est\u00e3o \u201cpraticar ou concorrer para que se perpetre qualquer dos crimes contra a seguran\u00e7a interna, definidos na legisla\u00e7\u00e3o penal\u201d e \u201cn\u00e3o dar as provid\u00eancias de sua compet\u00eancia para impedir ou frustrar a execu\u00e7\u00e3o desses crimes\u201d.<\/p>\n\n\n\n<h2 id=\"h-sigilo-das-imagens-e-prevaricacao\">Sigilo das imagens e prevarica\u00e7\u00e3o<\/h2>\n\n\n\n<figure class=\"wp-block-image\"><img src=\"https:\/\/medias.revistaoeste.com\/qa-staging\/wp-content\/uploads\/2023\/04\/Exclusivo_-Imagens-mostram-acao-do-GSI-em-ataque-aos-Tres-Poderes-em-8-de-janeiro-_-CNN-NOVO-DIA-4-51-screenshot.png\" alt=\"militares GSI\" class=\"wp-image-892713\"\/><figcaption>General Gon\u00e7alves Dias pediu demiss\u00e3o do GSI depois que as imagens de sua presen\u00e7a na \u2018cena do crime\u2019 se tornaram p\u00fablicas | Foto: Reprodu\u00e7\u00e3o\/CNN<\/figcaption><\/figure>\n\n\n\n<p>Para os parlamentares, a conduta do governo Lula, mesmo com o alerta da Abin, \u201cconfigura uma grave falha no cumprimento do dever constitucional de garantir a seguran\u00e7a nacional e a ordem p\u00fablica\u201d. \u201cNo caso em an\u00e1lise, as evid\u00eancias apontam que o presidente da Rep\u00fablica n\u00e3o s\u00f3 n\u00e3o adotou as provid\u00eancias de sua compet\u00eancia para impedir a invas\u00e3o dos pr\u00e9dios dos tr\u00eas poderes em Bras\u00edlia,&nbsp;<strong>como tamb\u00e9m teria agido de forma a proteger de sua responsabiliza\u00e7\u00e3o o ministro do GSI, que estava presente no local durante os ataques<\/strong>.\u201d<\/p>\n\n\n\n<p>Os deputados afirmam que Lula cometeu o crime de prevarica\u00e7\u00e3o por \u201cn\u00e3o tomar medidas para responsabilizar seu subordinado\u201d. \u201c\u00c9 importante destacar que tal conduta se estendeu at\u00e9 o momento em que a prote\u00e7\u00e3o ao ministro se tornou insustent\u00e1vel perante a opini\u00e3o p\u00fablica, revelando, assim, uma atitude inaceit\u00e1vel de descompromisso com o cumprimento do dever legal.\u201d<\/p>\n\n\n\n<p>Sobre o sigilo das imagens, o pedido de&nbsp;<em>impeachment&nbsp;<\/em>de Lula afirma que essa decis\u00e3o \u201crefor\u00e7a a tese de que houve uma tentativa de ocultar a responsabilidade dos envolvidos nos fatos\u201d.<\/p>\n\n\n\n<h2>Quatro pedidos de&nbsp;<em>impeachment&nbsp;<\/em>de Lula foram protocolados<\/h2>\n\n\n\n<figure class=\"wp-block-image\"><img src=\"https:\/\/medias.revistaoeste.com\/qa-staging\/wp-content\/uploads\/2023\/05\/Lula-impeachment.jpg\" alt=\"Lula impeachment\" class=\"wp-image-906024\"\/><figcaption>Presidente Lula | Foto: Reprodu\u00e7\u00e3o\/Ag\u00eancia Brasil<\/figcaption><\/figure>\n\n\n\n<p>J\u00e1 h\u00e1 pelo menos quatro pedidos de&nbsp;<em>impeachment&nbsp;<\/em>de Lula protocolados na C\u00e2mara.&nbsp;<strong><a href=\"https:\/\/revistaoeste.com\/politica\/camara-recebe-segundo-pedido-de-impeachment-contra-lula\/\" target=\"_blank\" rel=\"noreferrer noopener\">Os dois primeiros<\/a><\/strong>&nbsp;foram protocolados por Ubiratan Sanderson (PL-RS) e Evair Melo (PP-ES) com a justificativa de que Lula cometeu crime de responsabilidade ao afirmar, em viagem \u00e0 Argentina e Uruguai, que o Congresso Nacional promoveu \u201cum golpe de Estado\u201d contra a ex-presidente Dilma Rousseff em 2016.<\/p>\n\n\n\n<p>Um&nbsp;<strong><a href=\"https:\/\/revistaoeste.com\/no-ponto\/deputado-do-pl-protocola-pedido-de-impeachment-contra-lula\/\" target=\"_blank\" rel=\"noreferrer noopener\">terceiro pedido<\/a>&nbsp;<\/strong>foi feito por Bibo Nunes (PL-RS), por Lula ter, segundo ele, cometido improbidade administrativa ao fazer ataques contra o senador Sergio Moro (Uni\u00e3o-PR), ex-juiz da Lava Jato. Essa foi a justificativa de um&nbsp;<strong><a href=\"https:\/\/revistaoeste.com\/no-ponto\/oposicao-protocola-pedido-de-impeachment-contra-lula\/\" target=\"_blank\" rel=\"noreferrer noopener\">quarto pedido<\/a><\/strong>&nbsp;de cassa\u00e7\u00e3o contra o petista, assinado por mais de 30 deputados.<\/p>\n\n\n\n<p>Neste \u00faltimo pedido de&nbsp;<em>impeachment<\/em>, protocolado na quarta-feira 3, a maioria dos parlamentares que assina a representa\u00e7\u00e3o do PL. Entretanto, na lista, h\u00e1 deputados do PP, PSD, Republicanos, Podemos e Patriota. Veja a lista:<\/p>\n\n\n\n<p>Delegado Paulo Bilynskyj (PL-SP)<\/p>\n\n\n\n<p>Junio Amaral (PL-MG)<\/p>\n\n\n\n<p>Coronel Meira (PL-PE)<\/p>\n\n\n\n<p>Delegado Caveira (PL-PA)<\/p>\n\n\n\n<p>Sargento Fahur (PSD \u2013 PR)<\/p>\n\n\n\n<p>Daniela Reinehr (PL-SC)<\/p>\n\n\n\n<p>Coronel Chris\u00f3stomo (PL-RO)<\/p>\n\n\n\n<p>Tenente Coronel Zucco (REPUBLICANOS-RS)<\/p>\n\n\n\n<p>Mario Frias (PL-SP)<\/p>\n\n\n\n<p>Luiz Philippe de Orleans e Bragan\u00e7a (PL-SP)<\/p>\n\n\n\n<p>Jos\u00e9 Medeiros (PL-MT)<\/p>\n\n\n\n<p>Am\u00e1lia Barros (PL-MT)<\/p>\n\n\n\n<p>Evair Vieira De Melo (PP-EP)<\/p>\n\n\n\n<p>Capit\u00e3o Alden (PL-BA)<\/p>\n\n\n\n<p>Eduardo Bolsonaro (PL-SP)<\/p>\n\n\n\n<p>Delegado F\u00e1bio Costa (PP-AL)<\/p>\n\n\n\n<p>Rodolfo Nogueira (PL-MS)<\/p>\n\n\n\n<p>Delegado \u00c9der Mauro (PL-PA)<\/p>\n\n\n\n<p>Pastor Eurico (PL-PE)<\/p>\n\n\n\n<p>Bibo Nunes (PL-RS)<\/p>\n\n\n\n<p>Giovani Cherini (PL-RS)<\/p>\n\n\n\n<p>Gilvan da Federal (PL-ES)<\/p>\n\n\n\n<p>Mauricio Marcon (PODE-RS)<\/p>\n\n\n\n<p>Nikolas Ferreira (PL-MG)<\/p>\n\n\n\n<p>Carlos Jordy (PL-RJ)<\/p>\n\n\n\n<p>Chris Tonietto (PL-RJ)<\/p>\n\n\n\n<p>Caroline de Toni (PL-SC)<\/p>\n\n\n\n<p>Marcos Pollon (PL-MS)<\/p>\n\n\n\n<p>Silvia Wai\u00e3pi (PL-AP)<\/p>\n\n\n\n<p>Cabo Gilberto (PL-PB)<\/p>\n\n\n\n<p>Dr. Frederico (PATRIOTA-MG)<\/p>\n\n\n\n<p>Clarissa T\u00e9rcio (PP-PE)<\/p>\n\n\n\n<p>Carla Zambelli (PL-SP)<\/p>\n\n\n\n<p>Daniel Freitas (PL-SC)<\/p>\n\n\n\n<p>Coronel Telhada (PP-SP)<\/p>\n\n\n\n<p>Capit\u00e3o Alberto Neto (PL\/AM)<\/p>\n\n\n\n<p>Dr. Jaziel (PL-CE)<\/p>\n\n\n\n<p>Gustavo Gayer (PL-GO)<\/p>\n\n\n\n<p>Bia Kicis (PL-DF)<\/p>\n\n\n\n<p>General Gir\u00e3o (PL-RN)<\/p>\n\n\n\n<p>Julia Zanatta (PL-SC)<\/p>\n\n\n\n<p>Dr. Luiz Ovando (PP-MS)<\/p>\n\n\n\n<p><\/p>\n\n\n\n<p>Fonte: Revistaoeste<\/p>\n","protected":false},"excerpt":{"rendered":"<p>Com o argumento de que o governo foi omisso para conter os atos de 8 de janeiro, um grupo de 42 deputados apresentou na&nbsp;C\u00e2mara Federal&nbsp;um pedido de&nbsp;impeachment&nbsp;do presidente Lula. Eles afirmam que o petista cometeu crime de responsabilidade porque \u00f3rg\u00e3os internos do governo alertaram sobre o risco de invas\u00e3o de pr\u00e9dios p\u00fablicos, mas nada fizeram. [&hellip;]<\/p>\n","protected":false},"author":2,"featured_media":15617,"comment_status":"open","ping_status":"open","sticky":false,"template":"","format":"standard","meta":[],"categories":[8],"tags":[13],"_links":{"self":[{"href":"https:\/\/dgospel.com.br\/portal\/index.php\/wp-json\/wp\/v2\/posts\/15616"}],"collection":[{"href":"https:\/\/dgospel.com.br\/portal\/index.php\/wp-json\/wp\/v2\/posts"}],"about":[{"href":"https:\/\/dgospel.com.br\/portal\/index.php\/wp-json\/wp\/v2\/types\/post"}],"author":[{"embeddable":true,"href":"https:\/\/dgospel.com.br\/portal\/index.php\/wp-json\/wp\/v2\/users\/2"}],"replies":[{"embeddable":true,"href":"https:\/\/dgospel.com.br\/portal\/index.php\/wp-json\/wp\/v2\/comments?post=15616"}],"version-history":[{"count":1,"href":"https:\/\/dgospel.com.br\/portal\/index.php\/wp-json\/wp\/v2\/posts\/15616\/revisions"}],"predecessor-version":[{"id":15618,"href":"https:\/\/dgospel.com.br\/portal\/index.php\/wp-json\/wp\/v2\/posts\/15616\/revisions\/15618"}],"wp:featuredmedia":[{"embeddable":true,"href":"https:\/\/dgospel.com.br\/portal\/index.php\/wp-json\/wp\/v2\/media\/15617"}],"wp:attachment":[{"href":"https:\/\/dgospel.com.br\/portal\/index.php\/wp-json\/wp\/v2\/media?parent=15616"}],"wp:term":[{"taxonomy":"category","embeddable":true,"href":"https:\/\/dgospel.com.br\/portal\/index.php\/wp-json\/wp\/v2\/categories?post=15616"},{"taxonomy":"post_tag","embeddable":true,"href":"https:\/\/dgospel.com.br\/portal\/index.php\/wp-json\/wp\/v2\/tags?post=15616"}],"curies":[{"name":"wp","href":"https:\/\/api.w.org\/{rel}","templated":true}]}}