{"id":15619,"date":"2023-05-04T14:56:31","date_gmt":"2023-05-04T17:56:31","guid":{"rendered":"http:\/\/dgospel.com.br\/portal\/?p=15619"},"modified":"2023-05-04T14:56:33","modified_gmt":"2023-05-04T17:56:33","slug":"informacao-de-falsificacao-de-cartao-de-vacina-e-obra-de-ficcao-oportunista-diz-defesa-de-bolsonaro","status":"publish","type":"post","link":"https:\/\/dgospel.com.br\/portal\/index.php\/2023\/05\/04\/informacao-de-falsificacao-de-cartao-de-vacina-e-obra-de-ficcao-oportunista-diz-defesa-de-bolsonaro\/","title":{"rendered":"Informa\u00e7\u00e3o de falsifica\u00e7\u00e3o de cart\u00e3o de vacina \u00e9 \u2018obra de fic\u00e7\u00e3o oportunista\u2019, diz defesa de Bolsonaro"},"content":{"rendered":"\n<p>Na noite desta quarta-feira, 3, a defesa do ex-presidente Jair Bolsonaro voltou a afirmar que ele n\u00e3o se vacinou contra a covid-19. Tamb\u00e9m houve cr\u00edtica contra a opera\u00e7\u00e3o deflagrada mais cedo pela Pol\u00edcia Federal (PF), que&nbsp;<strong><a href=\"https:\/\/revistaoeste.com\/politica\/apreendidos-celulares-de-bolsonaro-e-michelle\/\" target=\"_blank\" rel=\"noreferrer noopener\">apreendeu o aparelho celular do ex-presidente<\/a><\/strong>&nbsp;\u2014 sob a alegada suspeita, por parte da corpora\u00e7\u00e3o, de falsifica\u00e7\u00e3o na documenta\u00e7\u00e3o de vacina\u00e7\u00e3o.<\/p>\n\n\n\n<p>Em texto divulgado no Twitter, o advogado e ex-secret\u00e1rio especial da Secretaria de Comunica\u00e7\u00e3o Social (Secom) da Presid\u00eancia da Rep\u00fablica Fabio Wajngarten negou as acusa\u00e7\u00f5es que constam em relat\u00f3rio da PF e que embasaram o mandado de busca e apreens\u00e3o na casa de Bolsonaro por parte do ministro Alexandre de Moraes, do Supremo Tribunal Federal. Para a decis\u00e3o, Moraes foi&nbsp;<strong><a href=\"https:\/\/revistaoeste.com\/no-ponto\/pgr-contrariou-moraes-e-vetou-busca-na-casa-de-bolsonaro\/\" target=\"_blank\" rel=\"noreferrer noopener\">contra a recomenda\u00e7\u00e3o da Procuradoria-Geral da Rep\u00fablica<\/a><\/strong>.<\/p>\n\n\n\n<p>\u201cA Defesa do presidente Jair Bolsonaro destaca que toda e qualquer informa\u00e7\u00e3o relacionando-o \u00e0 falsifica\u00e7\u00e3o de cart\u00f5es de vacina\u00e7\u00e3o \u00e9 obra de fic\u00e7\u00e3o oportunista\u201d, afirmou Wajngarten. \u201cComo sabido por todos, Bolsonaro sempre deixou claro que nunca foi vacinado\u201d, prosseguiu o advogado.<\/p>\n\n\n\n<p>Na nota em nome da defesa de Bolsonaro, Wajngarten lamenta que o ex-presidente tenha se tornado alvo da&nbsp;<strong><a href=\"https:\/\/www.gov.br\/pf\/pt-br\" target=\"_blank\" rel=\"noreferrer noopener\">PF<\/a><\/strong>. Nesse sentido, ele refor\u00e7a que, enquanto chefe de Estado, Bolsonaro viajou somente para pa\u00edses em que a exig\u00eancia de vacina\u00e7\u00e3o contra a covid-19 era dispensada.<\/p>\n\n\n\n<p>\u201cInfelizmente, n\u00e3o \u00e9 a primeira vez que o tema \u2018hackeamento do sistema de vacina\u00e7\u00e3o\u2019 vem a tona contra Bolsonaro\u201d, publicou o advogado. \u201cN\u00e3o menos triste \u00e9 ver que, ao inv\u00e9s de estar sendo investigado quem manipula tal sistema, atualmente, o dinheiro p\u00fablico vem sendo indevidamente desperdi\u00e7ado para perseguir arbitrariamente as pessoas.\u201d<\/p>\n\n\n\n<h2 id=\"h-operacao-da-pf-contra-jair-bolsonaro\">Opera\u00e7\u00e3o da PF contra Jair Bolsonaro<\/h2>\n\n\n\n<p>Autorizada por Moraes, a Opera\u00e7\u00e3o Verine, da PF, foi deflagrada na manh\u00e3 desta quarta-feira. Al\u00e9m de ter o ex-presidente Jair Bolsonaro como alvo para mandado de busca e apreens\u00e3o,&nbsp;<strong><a href=\"https:\/\/revistaoeste.com\/brasil\/quem-sao-os-presos-na-operacao-de-hoje-da-pf\/\" target=\"_blank\" rel=\"noreferrer noopener\">a a\u00e7\u00e3o resultou na pris\u00e3o de seis pessoas<\/a><\/strong>.<\/p>\n\n\n\n<p>Al\u00e9m disso, Moraes tamb\u00e9m determinou que Bolsonaro entregue o&nbsp;<strong><a href=\"https:\/\/revistaoeste.com\/no-ponto\/moraes-determina-a-apreensao-do-passaporte-de-bolsonaro\/\" target=\"_blank\" rel=\"noreferrer noopener\">passaporte, armas e muni\u00e7\u00f5es<\/a><\/strong>.<\/p>\n","protected":false},"excerpt":{"rendered":"<p>Na noite desta quarta-feira, 3, a defesa do ex-presidente Jair Bolsonaro voltou a afirmar que ele n\u00e3o se vacinou contra a covid-19. Tamb\u00e9m houve cr\u00edtica contra a opera\u00e7\u00e3o deflagrada mais cedo pela Pol\u00edcia Federal (PF), que&nbsp;apreendeu o aparelho celular do ex-presidente&nbsp;\u2014 sob a alegada suspeita, por parte da corpora\u00e7\u00e3o, de falsifica\u00e7\u00e3o na documenta\u00e7\u00e3o de vacina\u00e7\u00e3o. [&hellip;]<\/p>\n","protected":false},"author":2,"featured_media":15620,"comment_status":"open","ping_status":"open","sticky":false,"template":"","format":"standard","meta":[],"categories":[10],"tags":[],"_links":{"self":[{"href":"https:\/\/dgospel.com.br\/portal\/index.php\/wp-json\/wp\/v2\/posts\/15619"}],"collection":[{"href":"https:\/\/dgospel.com.br\/portal\/index.php\/wp-json\/wp\/v2\/posts"}],"about":[{"href":"https:\/\/dgospel.com.br\/portal\/index.php\/wp-json\/wp\/v2\/types\/post"}],"author":[{"embeddable":true,"href":"https:\/\/dgospel.com.br\/portal\/index.php\/wp-json\/wp\/v2\/users\/2"}],"replies":[{"embeddable":true,"href":"https:\/\/dgospel.com.br\/portal\/index.php\/wp-json\/wp\/v2\/comments?post=15619"}],"version-history":[{"count":1,"href":"https:\/\/dgospel.com.br\/portal\/index.php\/wp-json\/wp\/v2\/posts\/15619\/revisions"}],"predecessor-version":[{"id":15621,"href":"https:\/\/dgospel.com.br\/portal\/index.php\/wp-json\/wp\/v2\/posts\/15619\/revisions\/15621"}],"wp:featuredmedia":[{"embeddable":true,"href":"https:\/\/dgospel.com.br\/portal\/index.php\/wp-json\/wp\/v2\/media\/15620"}],"wp:attachment":[{"href":"https:\/\/dgospel.com.br\/portal\/index.php\/wp-json\/wp\/v2\/media?parent=15619"}],"wp:term":[{"taxonomy":"category","embeddable":true,"href":"https:\/\/dgospel.com.br\/portal\/index.php\/wp-json\/wp\/v2\/categories?post=15619"},{"taxonomy":"post_tag","embeddable":true,"href":"https:\/\/dgospel.com.br\/portal\/index.php\/wp-json\/wp\/v2\/tags?post=15619"}],"curies":[{"name":"wp","href":"https:\/\/api.w.org\/{rel}","templated":true}]}}