{"id":15625,"date":"2023-05-04T15:03:12","date_gmt":"2023-05-04T18:03:12","guid":{"rendered":"http:\/\/dgospel.com.br\/portal\/?p=15625"},"modified":"2023-05-04T15:03:13","modified_gmt":"2023-05-04T18:03:13","slug":"camara-impoe-derrota-a-lula-e-derruba-decretos-do-saneamento","status":"publish","type":"post","link":"https:\/\/dgospel.com.br\/portal\/index.php\/2023\/05\/04\/camara-impoe-derrota-a-lula-e-derruba-decretos-do-saneamento\/","title":{"rendered":"C\u00e2mara imp\u00f5e derrota a Lula e derruba decretos do saneamento"},"content":{"rendered":"\n<p>Na primeira grande derrota do governo&nbsp;<a href=\"http:\/\/pleno.news\/tag\/lula\" target=\"_blank\" rel=\"noreferrer noopener\">Lula<\/a>&nbsp;na&nbsp;<a href=\"http:\/\/pleno.news\/tag\/camara-dos-deputados\" target=\"_blank\" rel=\"noreferrer noopener\">C\u00e2mara dos Deputados<\/a>, a Casa aprovou na noite desta quarta-feira (3), por 295 votos a 136, um projeto que susta parte dos decretos que alteram as regras de saneamento, editados no in\u00edcio de abril. Agora, a mat\u00e9ria segue para vota\u00e7\u00e3o no Senado.<\/p>\n\n\n\n<p>O movimento foi articulado por aliados do presidente da C\u00e2mara, Arthur Lira (PP-AL), como o deputado Fernando Monteiro (PP-PE), e pela oposi\u00e7\u00e3o. Logo que os decretos foram publicados, a Casa reagiu e avisou ao governo que colocaria em vota\u00e7\u00e3o projetos para sustar os atos do governo caso o Planalto n\u00e3o ajustasse as regras.<\/p>\n\n\n\n<p>A rea\u00e7\u00e3o aos textos surgiram, basicamente, por dois motivos: pela avalia\u00e7\u00e3o de que os decretos desrespeitaram o texto do marco legal do saneamento, em vigor desde 2020, e pela \u201csegunda chance\u201d dada \u00e0s empresas p\u00fablicas de saneamento.<\/p>\n\n\n\n<p>Lira chegou a pautar, na semana passada, o requerimento para conferir urg\u00eancia ao Projeto de Decreto Legislativo (PDL) \u2013 instrumento pelo qual o Congresso susta decretos editados pelo Executivo. Uma tentativa de negocia\u00e7\u00e3o com o Planalto, contudo, deu alguns dias extras para o governo Lula tentar convencer a C\u00e2mara a manter os textos.<\/p>\n\n\n\n<p>O prazo de uma semana dado para uma tentativa de acordo, contudo, se esgotou. A derrota do governo em mat\u00e9ria de saneamento acontece em um contexto ainda maior de preocupa\u00e7\u00e3o para Lula. Nesta quarta, o presidente da C\u00e2mara voltou a reclamar da articula\u00e7\u00e3o do governo com o Congresso. Apesar de Lira n\u00e3o estar presidindo a sess\u00e3o, o vice-presidente da C\u00e2mara, Marcos Pereira (Republicanos), afirmou que o assunto seria votado por orienta\u00e7\u00e3o do alagoano.<\/p>\n\n\n\n<p>O relat\u00f3rio aprovado pela C\u00e2mara suspende artigos dos dois decretos editados pelo presidente no in\u00edcio de abril. Em rela\u00e7\u00e3o a um deles, susta as normas que possibilitam que empresas p\u00fablicas estaduais de saneamento prestem servi\u00e7os a microrregi\u00f5es ou regi\u00f5es metropolitanas (RM) em contrato sem licita\u00e7\u00e3o.<\/p>\n\n\n\n<p>Esse modelo, que o governo Lula tentou validar pelo decreto, \u00e9 considerado pelo mercado uma afronta ao marco legal do saneamento, lei que obriga os munic\u00edpios a abrir concorr\u00eancia para contratarem um operador de \u00e1gua e esgoto.<\/p>\n\n\n\n<p>Se o Senado tamb\u00e9m votar para suspender esse artigo, poder\u00e1 significar uma derrota em especial para o ministro da Casa Civil, Rui Costa (PT), ex-governador da Bahia. Isso porque o modelo de presta\u00e7\u00e3o direta em regi\u00e3o metropolitana poderia ser aplicado para regularizar a presta\u00e7\u00e3o de servi\u00e7os em Salvador, capital do estado baiano.<\/p>\n\n\n\n<p>Sobre o outro texto presidencial, o relat\u00f3rio aprovado derruba o artigo que possibilita que estatais incluam no processo de comprova\u00e7\u00e3o da capacidade econ\u00f4mico-financeira opera\u00e7\u00f5es que hoje est\u00e3o irregulares. Pelas regras anteriores \u00e0 edi\u00e7\u00e3o dos decretos de Lula, os munic\u00edpios que est\u00e3o nessa situa\u00e7\u00e3o teriam de promover uma nova licita\u00e7\u00e3o para contratar seu prestador de servi\u00e7os.<\/p>\n\n\n\n<p>Os deputados tamb\u00e9m aprovaram suspender o artigo 10 do decreto 11.466, que esticou at\u00e9 31 de dezembro de 2023 a fase de comprova\u00e7\u00e3o de capacidade econ\u00f4mico-financeira das estatais. Antes do ato do Executivo, o prazo j\u00e1 tinha se encerrado em mar\u00e7o do ano passado.<\/p>\n\n\n\n<p>*AE<\/p>\n","protected":false},"excerpt":{"rendered":"<p>Na primeira grande derrota do governo&nbsp;Lula&nbsp;na&nbsp;C\u00e2mara dos Deputados, a Casa aprovou na noite desta quarta-feira (3), por 295 votos a 136, um projeto que susta parte dos decretos que alteram as regras de saneamento, editados no in\u00edcio de abril. Agora, a mat\u00e9ria segue para vota\u00e7\u00e3o no Senado. O movimento foi articulado por aliados do presidente [&hellip;]<\/p>\n","protected":false},"author":2,"featured_media":15626,"comment_status":"open","ping_status":"open","sticky":false,"template":"","format":"standard","meta":[],"categories":[4],"tags":[],"_links":{"self":[{"href":"https:\/\/dgospel.com.br\/portal\/index.php\/wp-json\/wp\/v2\/posts\/15625"}],"collection":[{"href":"https:\/\/dgospel.com.br\/portal\/index.php\/wp-json\/wp\/v2\/posts"}],"about":[{"href":"https:\/\/dgospel.com.br\/portal\/index.php\/wp-json\/wp\/v2\/types\/post"}],"author":[{"embeddable":true,"href":"https:\/\/dgospel.com.br\/portal\/index.php\/wp-json\/wp\/v2\/users\/2"}],"replies":[{"embeddable":true,"href":"https:\/\/dgospel.com.br\/portal\/index.php\/wp-json\/wp\/v2\/comments?post=15625"}],"version-history":[{"count":1,"href":"https:\/\/dgospel.com.br\/portal\/index.php\/wp-json\/wp\/v2\/posts\/15625\/revisions"}],"predecessor-version":[{"id":15627,"href":"https:\/\/dgospel.com.br\/portal\/index.php\/wp-json\/wp\/v2\/posts\/15625\/revisions\/15627"}],"wp:featuredmedia":[{"embeddable":true,"href":"https:\/\/dgospel.com.br\/portal\/index.php\/wp-json\/wp\/v2\/media\/15626"}],"wp:attachment":[{"href":"https:\/\/dgospel.com.br\/portal\/index.php\/wp-json\/wp\/v2\/media?parent=15625"}],"wp:term":[{"taxonomy":"category","embeddable":true,"href":"https:\/\/dgospel.com.br\/portal\/index.php\/wp-json\/wp\/v2\/categories?post=15625"},{"taxonomy":"post_tag","embeddable":true,"href":"https:\/\/dgospel.com.br\/portal\/index.php\/wp-json\/wp\/v2\/tags?post=15625"}],"curies":[{"name":"wp","href":"https:\/\/api.w.org\/{rel}","templated":true}]}}