{"id":15634,"date":"2023-05-04T15:49:19","date_gmt":"2023-05-04T18:49:19","guid":{"rendered":"http:\/\/dgospel.com.br\/portal\/?p=15634"},"modified":"2023-05-04T15:49:20","modified_gmt":"2023-05-04T18:49:20","slug":"governo-do-tocantins-e-entidades-ambientais-criam-projeto-para-coleta-de-residuo-reciclavel-na-agrotins-2023","status":"publish","type":"post","link":"https:\/\/dgospel.com.br\/portal\/index.php\/2023\/05\/04\/governo-do-tocantins-e-entidades-ambientais-criam-projeto-para-coleta-de-residuo-reciclavel-na-agrotins-2023\/","title":{"rendered":"Governo do Tocantins e entidades ambientais criam projeto para coleta de res\u00edduo recicl\u00e1vel na Agrotins 2023"},"content":{"rendered":"\n<p>O Governo do Tocantins, por meio da Secretaria de Estado da Agricultura e Pecu\u00e1ria (Seagro) e da Secretaria de Estado do Meio Ambiente e Recursos H\u00eddricos (Semarh), a Prefeitura Municipal de Palmas e \u00f3rg\u00e3os ambientais realizaram nessa quarta-feira, 3, uma reuni\u00e3o para debater a implanta\u00e7\u00e3o do projeto ambiental para coleta de res\u00edduos recicl\u00e1veis na Feira de Tecnologia Agropecu\u00e1ria (Agrotins 2023). A feira com o tema&nbsp;<em>Compliance no Agro<\/em>&nbsp;ocorrer\u00e1 de 16 a 20 de maio, no Parque Agrotecnol\u00f3gico Engenheiro Agr\u00f4nomo Mauro Medanha, na rodovia TO-050, sa\u00edda para Porto Nacional.<\/p>\n\n\n\n<p>Para o diretor de Planejamento Ambiental da (Semarh), Cl\u00e1udio Carneiro Santana, este \u00e9 um projeto antigo que ser\u00e1 colocado em pr\u00e1tica nesta edi\u00e7\u00e3o da feira. \u201cA ideia \u00e9 propor o alinhamento ao tema da Agrotins&nbsp;<em>Compliance no Agro<\/em>, na gest\u00e3o de res\u00edduos para trabalharmos em conjunto nesta a\u00e7\u00e3o ambiental\u201d, afirmou.<\/p>\n\n\n\n<p>O gerente de projetos ambientais da prefeitura municipal de Palmas, Maxwel Gomes de Moraes, afirma que este \u00e9 um projeto que incorpora ao programa&nbsp;<em>Renova Palmas<\/em>, que j\u00e1 vem sendo trabalhado pela gest\u00e3o municipal. \u201cA inten\u00e7\u00e3o \u00e9 implantar 10 pontos de coletas para estarmos recebendo os res\u00edduos durante a realiza\u00e7\u00e3o da Agrotins\u201d, frisou.<\/p>\n\n\n\n<p>Uma das representantes do Grupo de Mulheres do Brasil, Milene Souza, explicou que a inten\u00e7\u00e3o do projeto \u00e9 integrar os \u00f3rg\u00e3os e as entidades, para que juntos trabalhem em prol da sustentabilidade ambiental na Agrotins. \u201cEsta \u00e9 a primeira vez que estaremos trabalhando na feira, que j\u00e1 se tornou de grande propor\u00e7\u00e3o na exposi\u00e7\u00e3o de produtos do agroneg\u00f3cio\u201d, ressaltou.<\/p>\n\n\n\n<p><strong>Centro de Triagem<\/strong><\/p>\n\n\n\n<p>Segundo a analista de Sistemas da Seagro, Val\u00e9ria Mota, a ideia dessa parceria \u00e9 instalar um centro de triagem na feira para a realiza\u00e7\u00e3o da coleta seletiva. \u201cO que buscamos \u00e9 tornar os res\u00edduos da Agrotins 100% recicl\u00e1veis, destinando o lixo para o local adequado. Hoje, a reciclagem pode gerar renda para muitas pessoas, al\u00e9m de contribuir para o meio ambiente\u201d, explicou.<\/p>\n\n\n\n<p><strong>Realiza\u00e7\u00e3o&nbsp;<\/strong><\/p>\n\n\n\n<p>A feira \u00e9 uma realiza\u00e7\u00e3o do Governo do Tocantins, por meio da Secretaria de Estado da Agricultura e Pecu\u00e1ria (Seagro), da Ag\u00eancia de Defesa Agropecu\u00e1ria (Adapec), do Instituto de Desenvolvimento Rural do Tocantins (Ruraltins), da Funda\u00e7\u00e3o de Amparo \u00e0 Pesquisa do Tocantins (Fapt) e da Tocantins Parcerias, em conjunto com empresas, institui\u00e7\u00f5es e \u00f3rg\u00e3os p\u00fablicos, de pesquisas e educacionais, entre outras.<\/p>\n\n\n\n<p><img src=\"https:\/\/central.to.gov.br\/image\/328135?w=670&amp;h=383\"><\/p>\n\n\n\n<p>Cl\u00e1udio Carneiro representando a Semarh na cria\u00e7\u00e3o do projeto &#8211; Jerfeson Nascimento\/Governo do Tocantins\u00a0<\/p>\n\n\n\n<p><img src=\"https:\/\/central.to.gov.br\/image\/328137?w=670&amp;h=383\"><\/p>\n\n\n\n<p>Val\u00e9ria Mota, representando a Secretaria da Agricultura no projeto &#8211; Jerfeson Nascimento\/Governo do Tocantins\u00a0<\/p>\n\n\n\n<p><img src=\"https:\/\/central.to.gov.br\/image\/328136?w=670&amp;h=383\"><\/p>\n\n\n\n<p>Milene Sousa, integrante do Grupo Mulheres do Brasil &#8211; Jerfeson Nascimento\/Governo do Tocantins&nbsp;<a href=\"https:\/\/central.to.gov.br\/image\/328136?f=1\" target=\"_blank\" rel=\"noreferrer noopener\"><em>f<\/em><\/a><\/p>\n","protected":false},"excerpt":{"rendered":"<p>O Governo do Tocantins, por meio da Secretaria de Estado da Agricultura e Pecu\u00e1ria (Seagro) e da Secretaria de Estado do Meio Ambiente e Recursos H\u00eddricos (Semarh), a Prefeitura Municipal de Palmas e \u00f3rg\u00e3os ambientais realizaram nessa quarta-feira, 3, uma reuni\u00e3o para debater a implanta\u00e7\u00e3o do projeto ambiental para coleta de res\u00edduos recicl\u00e1veis na Feira [&hellip;]<\/p>\n","protected":false},"author":2,"featured_media":15635,"comment_status":"open","ping_status":"open","sticky":false,"template":"","format":"standard","meta":[],"categories":[3],"tags":[13],"_links":{"self":[{"href":"https:\/\/dgospel.com.br\/portal\/index.php\/wp-json\/wp\/v2\/posts\/15634"}],"collection":[{"href":"https:\/\/dgospel.com.br\/portal\/index.php\/wp-json\/wp\/v2\/posts"}],"about":[{"href":"https:\/\/dgospel.com.br\/portal\/index.php\/wp-json\/wp\/v2\/types\/post"}],"author":[{"embeddable":true,"href":"https:\/\/dgospel.com.br\/portal\/index.php\/wp-json\/wp\/v2\/users\/2"}],"replies":[{"embeddable":true,"href":"https:\/\/dgospel.com.br\/portal\/index.php\/wp-json\/wp\/v2\/comments?post=15634"}],"version-history":[{"count":1,"href":"https:\/\/dgospel.com.br\/portal\/index.php\/wp-json\/wp\/v2\/posts\/15634\/revisions"}],"predecessor-version":[{"id":15636,"href":"https:\/\/dgospel.com.br\/portal\/index.php\/wp-json\/wp\/v2\/posts\/15634\/revisions\/15636"}],"wp:featuredmedia":[{"embeddable":true,"href":"https:\/\/dgospel.com.br\/portal\/index.php\/wp-json\/wp\/v2\/media\/15635"}],"wp:attachment":[{"href":"https:\/\/dgospel.com.br\/portal\/index.php\/wp-json\/wp\/v2\/media?parent=15634"}],"wp:term":[{"taxonomy":"category","embeddable":true,"href":"https:\/\/dgospel.com.br\/portal\/index.php\/wp-json\/wp\/v2\/categories?post=15634"},{"taxonomy":"post_tag","embeddable":true,"href":"https:\/\/dgospel.com.br\/portal\/index.php\/wp-json\/wp\/v2\/tags?post=15634"}],"curies":[{"name":"wp","href":"https:\/\/api.w.org\/{rel}","templated":true}]}}