{"id":15637,"date":"2023-05-04T15:54:17","date_gmt":"2023-05-04T18:54:17","guid":{"rendered":"http:\/\/dgospel.com.br\/portal\/?p=15637"},"modified":"2023-05-04T15:54:19","modified_gmt":"2023-05-04T18:54:19","slug":"governo-realiza-evento-em-comemoracao-ao-crescimento-das-acoes-de-ciencia-tecnologia-e-inovacao-no-tocantins","status":"publish","type":"post","link":"https:\/\/dgospel.com.br\/portal\/index.php\/2023\/05\/04\/governo-realiza-evento-em-comemoracao-ao-crescimento-das-acoes-de-ciencia-tecnologia-e-inovacao-no-tocantins\/","title":{"rendered":"Governo realiza evento em comemora\u00e7\u00e3o ao crescimento das a\u00e7\u00f5es de Ci\u00eancia, Tecnologia e Inova\u00e7\u00e3o no Tocantins"},"content":{"rendered":"\n<p>O Governo do Tocantins, por meio da Funda\u00e7\u00e3o de Amparo \u00e0 Pesquisa do Estado do Tocantins (Fapt), realizar\u00e1 no dia 10 de maio, a<em>&nbsp;3\u00aa Manh\u00e3 de Ci\u00eancia, Tecnologia e Inova\u00e7\u00e3o<\/em>&nbsp;para apresenta\u00e7\u00e3o dos avan\u00e7os da Ci\u00eancia, Tecnologia e Inova\u00e7\u00e3o (CT&amp;I) no Tocantins, explana\u00e7\u00e3o dos investimentos aplicados na pasta durante o \u00faltimo ano e o lan\u00e7amento de novos editais. O evento ocorrer\u00e1 na sala de reuni\u00e3o do Pal\u00e1cio Araguaia, em Palmas, a partir das 9 horas.<\/p>\n\n\n\n<p>Durante a&nbsp;<em>3\u00aa Manh\u00e3 de Ci\u00eancia, Tecnologia e Inova\u00e7\u00e3o,&nbsp;<\/em>ser\u00e3o entregues cart\u00f5es para custeio aos pesquisadores selecionados em quatro editais promovidos pela Funda\u00e7\u00e3o: Fapt\/Seagro Pesquisa Agropecu\u00e1ria &#8211; Agrotins; Fapt\/Naturatins &#8211; Meio Ambiente; e a Iniciativa Amaz\u00f4nia +10.<\/p>\n\n\n\n<p>Os editais atendem 57 pesquisas em \u00e1rea ambiental, pesquisa agropecu\u00e1ria e desenvolvimento tecnol\u00f3gico e inova\u00e7\u00e3o, totalizando o valor de R$ 4.012 milh\u00f5es.<\/p>\n\n\n\n<p>Al\u00e9m disso, durante o evento,<strong>&nbsp;<\/strong>ser\u00e1 realizado o lan\u00e7amento do Edital Fapt\/SES que tem como objetivo financiar projetos de pesquisa que promovam a forma\u00e7\u00e3o e a melhoria da qualidade da aten\u00e7\u00e3o \u00e0 sa\u00fade no Tocantins, contribuindo para o Desenvolvimento da Ci\u00eancia, Tecnologia e Inova\u00e7\u00e3o em Sa\u00fade (CT&amp;IS) aplicados ao Sistema \u00danico de Sa\u00fade (SUS).<\/p>\n\n\n\n<p>O edital prev\u00ea a aplica\u00e7\u00e3o de recursos financeiros no valor global de R$ 700 mil.<\/p>\n\n\n\n<p><strong>12 anos de Fapt<\/strong><\/p>\n\n\n\n<p>Em 2023, a Funda\u00e7\u00e3o de Amparo \u00e0 Pesquisa do Tocantins (Fapt) completa 12 anos de hist\u00f3ria.<\/p>\n\n\n\n<p>A Fapt \u00e9 uma funda\u00e7\u00e3o de direito p\u00fablico, criada pela Lei Complementar n\u00b0 71 de 31 de mar\u00e7o de 2011, com a finalidade de apoiar projetos de natureza cient\u00edfica, tecnol\u00f3gica e de inova\u00e7\u00e3o, que sejam considerados relevantes para o desenvolvimento cient\u00edfico, tecnol\u00f3gico, econ\u00f4mico e social do Tocantins.<\/p>\n\n\n\n<p><strong>Novo Governo e mais investimentos<\/strong><\/p>\n\n\n\n<p>A Funda\u00e7\u00e3o vem amparando pesquisadores h\u00e1 anos no Tocantins, mas foi nos \u00faltimos 19 meses, quando o Estado passou a ser administrado pelo governador Wanderlei Barbosa, que o investimento em ci\u00eancia, tecnologia e inova\u00e7\u00e3o ganhou for\u00e7a.<\/p>\n\n\n\n<p>Desde outubro de 2021, cerca de R$ 35 milh\u00f5es foram investidos em CT&amp;I no Tocantins, em mais de uma dezena de editais encabe\u00e7ados pela Fapt e em parceria com \u00f3rg\u00e3os estaduais como a Secretaria de Estado da Agricultura e Pecu\u00e1ria (Seagro); o Instituto Natureza do Tocantins (Naturatins); a Secretaria de Estado do Planejamento (Seplan); a Secretaria de Estado da Fazenda (Sefaz); e a Secretaria de Estado da Sa\u00fade (SES-TO).<\/p>\n\n\n\n<p>O presidente da Funda\u00e7\u00e3o, M\u00e1rcio Silveira, enfatiza que o papel da Fapt \u00e9 de amparar a comunidade cient\u00edfica e dos pesquisadores em todas as \u00e1reas do conhecimento.<\/p>\n\n\n\n<p>\u201cO recurso que investimos adv\u00e9m do Fundo Estadual de Ci\u00eancia e Tecnologia e vemos tudo isso com muito otimismo, pois mostra que o Estado est\u00e1 preocupado e apoiando os pesquisadores, com projetos na educa\u00e7\u00e3o e no fomento da ci\u00eancia, tecnologia e inova\u00e7\u00e3o. N\u00e3o h\u00e1 progresso sem investimento em educa\u00e7\u00e3o, sem investimento em ci\u00eancia, tecnologia e inova\u00e7\u00e3o\u201d, pontua M\u00e1rcio da Silveira.<\/p>\n","protected":false},"excerpt":{"rendered":"<p>O Governo do Tocantins, por meio da Funda\u00e7\u00e3o de Amparo \u00e0 Pesquisa do Estado do Tocantins (Fapt), realizar\u00e1 no dia 10 de maio, a&nbsp;3\u00aa Manh\u00e3 de Ci\u00eancia, Tecnologia e Inova\u00e7\u00e3o&nbsp;para apresenta\u00e7\u00e3o dos avan\u00e7os da Ci\u00eancia, Tecnologia e Inova\u00e7\u00e3o (CT&amp;I) no Tocantins, explana\u00e7\u00e3o dos investimentos aplicados na pasta durante o \u00faltimo ano e o lan\u00e7amento de [&hellip;]<\/p>\n","protected":false},"author":2,"featured_media":15638,"comment_status":"open","ping_status":"open","sticky":false,"template":"","format":"standard","meta":[],"categories":[3],"tags":[13],"_links":{"self":[{"href":"https:\/\/dgospel.com.br\/portal\/index.php\/wp-json\/wp\/v2\/posts\/15637"}],"collection":[{"href":"https:\/\/dgospel.com.br\/portal\/index.php\/wp-json\/wp\/v2\/posts"}],"about":[{"href":"https:\/\/dgospel.com.br\/portal\/index.php\/wp-json\/wp\/v2\/types\/post"}],"author":[{"embeddable":true,"href":"https:\/\/dgospel.com.br\/portal\/index.php\/wp-json\/wp\/v2\/users\/2"}],"replies":[{"embeddable":true,"href":"https:\/\/dgospel.com.br\/portal\/index.php\/wp-json\/wp\/v2\/comments?post=15637"}],"version-history":[{"count":1,"href":"https:\/\/dgospel.com.br\/portal\/index.php\/wp-json\/wp\/v2\/posts\/15637\/revisions"}],"predecessor-version":[{"id":15639,"href":"https:\/\/dgospel.com.br\/portal\/index.php\/wp-json\/wp\/v2\/posts\/15637\/revisions\/15639"}],"wp:featuredmedia":[{"embeddable":true,"href":"https:\/\/dgospel.com.br\/portal\/index.php\/wp-json\/wp\/v2\/media\/15638"}],"wp:attachment":[{"href":"https:\/\/dgospel.com.br\/portal\/index.php\/wp-json\/wp\/v2\/media?parent=15637"}],"wp:term":[{"taxonomy":"category","embeddable":true,"href":"https:\/\/dgospel.com.br\/portal\/index.php\/wp-json\/wp\/v2\/categories?post=15637"},{"taxonomy":"post_tag","embeddable":true,"href":"https:\/\/dgospel.com.br\/portal\/index.php\/wp-json\/wp\/v2\/tags?post=15637"}],"curies":[{"name":"wp","href":"https:\/\/api.w.org\/{rel}","templated":true}]}}