{"id":15646,"date":"2023-05-06T09:49:36","date_gmt":"2023-05-06T12:49:36","guid":{"rendered":"http:\/\/dgospel.com.br\/portal\/?p=15646"},"modified":"2023-05-06T09:49:38","modified_gmt":"2023-05-06T12:49:38","slug":"esquerda-provoca-fuga-de-investimentos-da-america-latinar","status":"publish","type":"post","link":"https:\/\/dgospel.com.br\/portal\/index.php\/2023\/05\/06\/esquerda-provoca-fuga-de-investimentos-da-america-latinar\/","title":{"rendered":"Esquerda provoca fuga de investimentos da Am\u00e9rica Latinar!"},"content":{"rendered":"\n<p>A guinada \u00e0 esquerda nos pa\u00edses da Am\u00e9rica Latina trouxe um custo econ\u00f4mico para todas as na\u00e7\u00f5es do continente. De acordo com o&nbsp;<a href=\"https:\/\/www.iif.com\/\" target=\"_blank\" rel=\"noreferrer noopener\"><strong>Instituto Internacional de Finan\u00e7as<\/strong><\/a>&nbsp;(IIF), o fluxo de retirada das grandes fortunas em 2022 foi o maior em dez anos, conforme reportagem da ag\u00eancia&nbsp;<em>Bloomberg<\/em>, publicada na ter\u00e7a-feira 2.<\/p>\n\n\n\n<p>Indiv\u00edduos com alto poder aquisitivo est\u00e3o buscando aportar dinheiro em territ\u00f3rio norte-americano, como forma de n\u00e3o perder seus patrim\u00f4nios financeiros. Contribuem para a fuga de capitais as pol\u00edticas econ\u00f4micas adotadas por governos socialistas da Am\u00e9rica Latina, como da Col\u00f4mbia, da Argentina, do Chile, do M\u00e9xico e do Brasil.<\/p>\n\n\n\n<p>\u201cEnquanto todos os principais pa\u00edses da Am\u00e9rica Latina se voltam para a esquerda, o capital est\u00e1 fugindo da regi\u00e3o\u201d, diz a reportagem. \u201cInvestidores ricos, e cada vez mais de classe m\u00e9dia, est\u00e3o procurando um plano B, no caso de mais turbul\u00eancias econ\u00f4micas e pol\u00edticas.\u201d<\/p>\n\n\n\n<p>Seja investindo no&nbsp;<strong><a href=\"https:\/\/revistaoeste.com\/?s=mercado+financeiro\" target=\"_blank\" rel=\"noreferrer noopener\">mercado financeiro<\/a><\/strong>, seja buscando formas de adquirir algum im\u00f3vel nos Estados Unidos, os investidores latino-americanos encontram nos EUA op\u00e7\u00f5es est\u00e1veis de investimentos. Alguns dos atrativos s\u00e3o o bom retorno do dinheiro aplicado e a seguran\u00e7a do cen\u00e1rio fiscal e pol\u00edtico do pa\u00eds.<\/p>\n\n\n\n<p>Mas a situa\u00e7\u00e3o pode piorar, porque investidores brasileiros come\u00e7am a ser procurados para contribuir ainda mais com o cen\u00e1rio de fuga de capitais da Am\u00e9rica Latina. Logo depois da elei\u00e7\u00e3o de&nbsp;<strong><a href=\"https:\/\/revistaoeste.com\/?s=Luiz+In%C3%A1cio+Lula+da+Silva\" target=\"_blank\" rel=\"noreferrer noopener\">Luiz In\u00e1cio Lula da Silva<\/a><\/strong>, o empres\u00e1rio norte-americano Edgardo Defortuna marcou viagens ao Brasil para atrair investidores brasileiros. Sua empresa \u00e9 especializada em compra, venda e constru\u00e7\u00f5es de im\u00f3veis em Miami.<\/p>\n\n\n\n<p>Defortuna marcou a viagem por causa do an\u00fancio da taxa\u00e7\u00e3o das grandes fortunas, prometida por Lula durante a campanha. A busca por novos clientes brasileiros se soma \u00e0 expans\u00e3o do interesse em investimentos em im\u00f3veis localizados em Miami.<\/p>\n\n\n\n<p>A fuga de capitais na&nbsp;<strong><a href=\"https:\/\/revistaoeste.com\/?s=Am%C3%A9rica+Latina\" target=\"_blank\" rel=\"noreferrer noopener\">Am\u00e9rica Latina<\/a><\/strong>&nbsp;corrobora com a previs\u00e3o da Comiss\u00e3o Econ\u00f4mica para a Am\u00e9rica Latina e o Caribe (Cepal), ligada \u00e0 Organiza\u00e7\u00e3o das Na\u00e7\u00f5es Unidas (ONU). O \u00f3rg\u00e3o espera desacelera\u00e7\u00e3o do crescimento econ\u00f4mico na Am\u00e9rica Latina e no Caribe em 2023, com um avan\u00e7o de 1,2% no ano.<\/p>\n\n\n\n<p>Os fatores para as previs\u00f5es pessimistas da Cepal s\u00e3o as limita\u00e7\u00f5es das pol\u00edticas econ\u00f4micas internas dos pa\u00edses, que provocam uma queda da atividade da economia, e tamb\u00e9m a alta da infla\u00e7\u00e3o.<\/p>\n\n\n\n<h2 id=\"h-economistas-avaliam-situacao-na-america-latina\"><strong>Economistas avaliam situa\u00e7\u00e3o na Am\u00e9rica Latina<\/strong><\/h2>\n\n\n\n<p>Economistas ouvidos por&nbsp;<strong>Oeste<\/strong>&nbsp;analisaram as prov\u00e1veis raz\u00f5es para o \u00eaxodo de capitais dos pa\u00edses da Am\u00e9rica Latina. A expans\u00e3o do gasto p\u00fablico e da infla\u00e7\u00e3o e as interven\u00e7\u00f5es do Estado em diversos setores da economia s\u00e3o alguns dos motivos apontados como poss\u00edveis causas da sa\u00edda das fortunas do Brasil.<\/p>\n\n\n\n<p>Ecio Costa, economista e professor titular da Universidade Federal de Pernambuco (UFPE), sugere o aumento de tributos como uma das causas para a desist\u00eancia dos investimentos nos pa\u00edses governados por socialistas.<\/p>\n\n\n\n<p>\u201cQuando h\u00e1 uma pol\u00edtica de eleva\u00e7\u00e3o de despesas e de tributa\u00e7\u00e3o para abarcar os gastos p\u00fablicos, mesmo sem querer elevar a rela\u00e7\u00e3o d\u00edvida\/PIB, o resultado \u00e9 a preocupa\u00e7\u00e3o de investidores, empres\u00e1rios e at\u00e9 de pessoas f\u00edsicas, que t\u00eam dificuldades para manter seu patrim\u00f4nio\u201d, observou Costa. \u201cIsso afasta as pessoas mais ricas, que decidem investir em pa\u00edses com uma menor carga tribut\u00e1ria.\u201d<\/p>\n\n\n\n<figure class=\"wp-block-image\"><img src=\"https:\/\/medias.revistaoeste.com\/qa-staging\/wp-content\/uploads\/2023\/05\/Ecio-Costa.jpg\" alt=\"\" class=\"wp-image-907953\"\/><figcaption>O economista Ecio Costa | Foto: Divulga\u00e7\u00e3o<\/figcaption><\/figure>\n\n\n\n<p>O economista cita tamb\u00e9m a busca por pa\u00edses que ofere\u00e7am maiores prote\u00e7\u00f5es para os pr\u00f3prios recursos. \u201cMuitas pessoas buscam prote\u00e7\u00e3o patrimonial, mas outras querem prote\u00e7\u00e3o cambial\u201d, considerou. \u201cPorque, na medida em que h\u00e1 um descontrole da infla\u00e7\u00e3o ou da taxa de juros, h\u00e1 uma desvaloriza\u00e7\u00e3o da moeda. Consequentemente, os investidores perdem a confian\u00e7a na condu\u00e7\u00e3o da rela\u00e7\u00e3o d\u00edvida\/PIB. O d\u00f3lar se valoriza com a consequente sa\u00edda dos recursos.\u201d<\/p>\n\n\n\n<p>J\u00e1 a analista econ\u00f4mica Tays Marina menciona outros motivos para a sa\u00edda dos recursos financeiros dos pa\u00edses governados por socialistas. Os cen\u00e1rios negativos no contexto macroecon\u00f4mico dessas na\u00e7\u00f5es s\u00e3o algumas das raz\u00f5es para a desist\u00eancia dos investimentos.<\/p>\n\n\n\n<p>\u201cA fuga de capitais afeta principalmente pa\u00edses emergentes\u201d, constata a economista. \u201cIsso ocorre por causa da rela\u00e7\u00e3o dessas na\u00e7\u00f5es com o cen\u00e1rio econ\u00f4mico global. Os pa\u00edses da Am\u00e9rica Latina s\u00e3o fortemente influenciados por fatores econ\u00f4micos e pol\u00edticos ao mesmo tempo. Com isso, os investidores retiram suas aplica\u00e7\u00f5es, em raz\u00e3o da perda de confian\u00e7a nesses pa\u00edses. Eles ficam receosos, em rela\u00e7\u00e3o ao retorno e \u00e0 estabilidade das suas aplica\u00e7\u00f5es \u2014 principalmente com turbul\u00eancias pol\u00edticas ou recess\u00f5es econ\u00f4micas.\u201d<\/p>\n\n\n\n<p>A economista acrescentou que as promessas populistas, como a taxa\u00e7\u00e3o das grandes fortunas, resultam na fuga de capitais para pa\u00edses com cen\u00e1rios mais est\u00e1veis pol\u00edtica e economicamente.<\/p>\n","protected":false},"excerpt":{"rendered":"<p>A guinada \u00e0 esquerda nos pa\u00edses da Am\u00e9rica Latina trouxe um custo econ\u00f4mico para todas as na\u00e7\u00f5es do continente. De acordo com o&nbsp;Instituto Internacional de Finan\u00e7as&nbsp;(IIF), o fluxo de retirada das grandes fortunas em 2022 foi o maior em dez anos, conforme reportagem da ag\u00eancia&nbsp;Bloomberg, publicada na ter\u00e7a-feira 2. Indiv\u00edduos com alto poder aquisitivo est\u00e3o [&hellip;]<\/p>\n","protected":false},"author":2,"featured_media":15647,"comment_status":"open","ping_status":"open","sticky":false,"template":"","format":"standard","meta":[],"categories":[16],"tags":[],"_links":{"self":[{"href":"https:\/\/dgospel.com.br\/portal\/index.php\/wp-json\/wp\/v2\/posts\/15646"}],"collection":[{"href":"https:\/\/dgospel.com.br\/portal\/index.php\/wp-json\/wp\/v2\/posts"}],"about":[{"href":"https:\/\/dgospel.com.br\/portal\/index.php\/wp-json\/wp\/v2\/types\/post"}],"author":[{"embeddable":true,"href":"https:\/\/dgospel.com.br\/portal\/index.php\/wp-json\/wp\/v2\/users\/2"}],"replies":[{"embeddable":true,"href":"https:\/\/dgospel.com.br\/portal\/index.php\/wp-json\/wp\/v2\/comments?post=15646"}],"version-history":[{"count":1,"href":"https:\/\/dgospel.com.br\/portal\/index.php\/wp-json\/wp\/v2\/posts\/15646\/revisions"}],"predecessor-version":[{"id":15648,"href":"https:\/\/dgospel.com.br\/portal\/index.php\/wp-json\/wp\/v2\/posts\/15646\/revisions\/15648"}],"wp:featuredmedia":[{"embeddable":true,"href":"https:\/\/dgospel.com.br\/portal\/index.php\/wp-json\/wp\/v2\/media\/15647"}],"wp:attachment":[{"href":"https:\/\/dgospel.com.br\/portal\/index.php\/wp-json\/wp\/v2\/media?parent=15646"}],"wp:term":[{"taxonomy":"category","embeddable":true,"href":"https:\/\/dgospel.com.br\/portal\/index.php\/wp-json\/wp\/v2\/categories?post=15646"},{"taxonomy":"post_tag","embeddable":true,"href":"https:\/\/dgospel.com.br\/portal\/index.php\/wp-json\/wp\/v2\/tags?post=15646"}],"curies":[{"name":"wp","href":"https:\/\/api.w.org\/{rel}","templated":true}]}}