{"id":15649,"date":"2023-05-06T09:55:23","date_gmt":"2023-05-06T12:55:23","guid":{"rendered":"http:\/\/dgospel.com.br\/portal\/?p=15649"},"modified":"2023-05-06T09:55:24","modified_gmt":"2023-05-06T12:55:24","slug":"pastor-sobre-pl2630-cristaos-nao-poderao-emitir-opinioes-fundamentadas-na-biblia","status":"publish","type":"post","link":"https:\/\/dgospel.com.br\/portal\/index.php\/2023\/05\/06\/pastor-sobre-pl2630-cristaos-nao-poderao-emitir-opinioes-fundamentadas-na-biblia\/","title":{"rendered":"Pastor sobre PL2630: \u201cCrist\u00e3os n\u00e3o poder\u00e3o emitir opini\u00f5es fundamentadas na B\u00edblia\u201d"},"content":{"rendered":"\n<p>Apelidado de PL da Censura pelos cr\u00edticos, o Projeto de Lei 2630, ou simplesmente PL2630, continua sendo alvo de grande preocupa\u00e7\u00e3o por parte de quem defende a liberdade religiosa, com o pastor e escritor Renato Vargens.<\/p>\n\n\n\n<p>O l\u00edder religioso utilizou seu espa\u00e7o em uma coluna editorial para fazer um alerta aos crist\u00e3os sobre o risco do PL2630 ser aprovado, muito embora a medida tenha sa\u00eddo da pauta de vota\u00e7\u00e3o da C\u00e2mara dos Deputados no come\u00e7o desta semana.<\/p>\n\n\n\n<p>Segundo Vargens, \u201cesse projeto prev\u00ea que o Poder Executivo crie um \u00f3rg\u00e3o para avaliar se as redes sociais est\u00e3o cumprindo a lei, para investigar conte\u00fado, notificar usu\u00e1rios sobre infra\u00e7\u00f5es e para cumprir outras fun\u00e7\u00f5es dentro das redes sociais.\u201d<\/p>\n\n\n\n<p>Desde que foi proposto pelo relator Orlando Silva, do Partido Comunista do Brasil, (PCdoB), o PL vem passando por uma s\u00e9rie de altera\u00e7\u00f5es em seu texto, a fim de minimizar as cr\u00edticas sobre risco de censura.<\/p>\n\n\n\n<p>Ainda assim, os cr\u00edticos se baseia em termos vagos do texto, como \u201cdesinforma\u00e7\u00e3o\u201d e \u201cdiscurso de \u00f3dio\u201d, \u201chomofobia\u201d ou mesmo \u201cincita\u00e7\u00e3o \u00e0 viol\u00eancia\u201d, para argumentar que, se aprovado, o PL2630 poder\u00e1 ser usado de forma ideologicamente enviesada, a fim de punir advers\u00e1rios pelo apontamento de crimes que n\u00e3o existem.<\/p>\n\n\n\n<p>Seria o caso, por exemplo, de crist\u00e3os, especialmente pastores, que pregam contra a agenda LGBT+, condenada pela B\u00edblia Sagrada, assim como contra o movimento feminista, aborto e tamb\u00e9m contra o ensino de outras religi\u00f5es, como as de matrizes africanas.<\/p>\n\n\n\n<p>Em outras palavras, a prega\u00e7\u00e3o crist\u00e3 fundamentada na livre interpreta\u00e7\u00e3o da B\u00edblia sagrada&nbsp;<a href=\"https:\/\/noticias.gospelmais.com.br\/jornalista-defesa-biblia-pl-da-censura-interpretacao-bizarra-161722.html\">poder\u00e1 ser acusada de \u201cdiscurso de \u00f3dio\u201d<\/a>, por exemplo, ou at\u00e9 mesmo de \u201cincita\u00e7\u00e3o \u00e0 viol\u00eancia\u201d e \u201chomofobia\u201d, tornando pregadores e crist\u00e3os em geral, alvos em potencial da Justi\u00e7a.<\/p>\n\n\n\n<h2>Liberdade em risco<\/h2>\n\n\n\n<p>Com base no racioc\u00ednio acima, Renato Vargens n\u00e3o tem d\u00favida de que \u201cse esse PL for aprovado a liberdade ser\u00e1 enclausurada. Digo mais, a liberdade religiosa ser\u00e1 vilipendiada.\u201d<\/p>\n\n\n\n<p>\u201cCrist\u00e3os n\u00e3o poder\u00e3o mais emitir suas opini\u00f5es fundamentadas na B\u00edblia, ou mesmo expor o que pensam quanto a comportamentos, visto que os \u00f3rg\u00e3os de censura em nome do politicamente correto o impedir\u00e3o\u201d, ressalta o pastor em seu&nbsp;<a href=\"https:\/\/pleno.news\/opiniao\/renato-vargens\/nao-a-censura-a-aprovacao-do-pl-das-fake-news-ira-instituir-a-censura-no-brasil.html\">artigo<\/a>&nbsp;para o Pleno News.<\/p>\n\n\n\n<p>\u201cO Estado ganhar\u00e1 legitimidade para censurar tudo aquilo que n\u00e3o gosta, at\u00e9 mesmo assuntos relacionados a opini\u00e3o de f\u00e9. Caros senhores, a esquerda fala em democracia, mas odeia liberdade de express\u00e3o\u201d, completa. Veja tamb\u00e9m:<\/p>\n\n\n\n<p><strong>Jornalista diz que defesa da B\u00edblia contra PL da Censura \u00e9 \u201cinterpreta\u00e7\u00e3o bizarra\u201d<\/strong><\/p>\n\n\n\n<p>A jornalista Daniela Lima, uma das \u00e2ncoras da rede CNN Brasil, causou pol\u00eamica ao utilizar seu programa na emissora para sair em defesa do PL da censura, como foi apelidado o Projeto de Lei 2630\/2020, fazendo para isso uma associa\u00e7\u00e3o intelectualmente desonesta com determinados trechos da B\u00edblia sagrada.<\/p>\n\n\n\n<p>Durante o seu programa, Lima fez refer\u00eancia a uma publica\u00e7\u00e3o do deputado federal Deltan Dallagnol, onde o mesmo alertou sobre o risco de alguns vers\u00edculos da B\u00edblia serem censurados sob a alega\u00e7\u00e3o de incita\u00e7\u00e3o ao \u00f3dio, \u00e0 viol\u00eancia e\/ou \u00e0 discrimina\u00e7\u00e3o.<\/p>\n\n\n\n<p>S\u00e3o passagens, por exemplo, que condenam a rela\u00e7\u00e3o sexual homossexual, ensinam a submiss\u00e3o da mulher ao marido e defendem o castigo f\u00edsico dos filhos desobedientes.<\/p>\n\n\n\n<p>Nesse contexto, mas sem fazer qualquer explica\u00e7\u00e3o a respeito da exegese b\u00edblica judaico-crist\u00e3 quanto \u00e0 diferen\u00e7a dos ensinos do Antigo e do Novo Testamentos em sentido pr\u00e1tico, principalmente moral, devidamente contextualizados nas diferentes \u00e9pocas, Daniela Lima fez o seguinte comparativo:<\/p>\n\n\n\n<blockquote class=\"wp-block-quote\"><p>\u201cSE VOC\u00ca SAIR DEFENDENDO NA RUA O QUE ESSES TRECHOS EST\u00c3O DIZENDO VOC\u00ca PODE SER PEGO POR RACISMO, HOMOFOBIA E AT\u00c9 TAMB\u00c9M SER ACUSADO DE ASS\u00c9DIO OU TRATAMENTO MIS\u00d3GINO\u201d.<\/p><\/blockquote>\n\n\n\n<p>Por esta fala espec\u00edfica da jornalista da CNN, portanto, onde tamb\u00e9m classificou de \u201cinterpreta\u00e7\u00e3o bizarra\u201d os que defendem a B\u00edblia contra o PL da Censura, internautas e autoridades pol\u00edticas, como o senador Magno Malta, e o pastor Silas Malafaia, entenderam que Daniela pregou a criminaliza\u00e7\u00e3o do ensino b\u00edblico a respeito desses assuntos.<\/p>\n\n\n\n<p>\u201cEles j\u00e1&nbsp;<a href=\"https:\/\/noticias.gospelmais.com.br\/jornalista-presenca-evangelicos-politica-toxica-141381.html\">n\u00e3o escondem que n\u00f3s, crist\u00e3os, somos os inimigos deles.<\/a>&nbsp;Querem controlar nossos filhos, desfazer o conceito de fam\u00edlia e por fim, nos proibir de exercer a nossa cren\u00e7a. \u00c9 por isso que o PL 2630 \u00e9 t\u00e3o importante para Lula, Alexandre e toda a grande m\u00eddia. Precisamos nos unir para que essa desgra\u00e7a n\u00e3o se abata sobre nosso pa\u00eds\u201d,&nbsp;<a href=\"https:\/\/www.instagram.com\/reel\/Crt7jbaJyIC\/?igshid=YmMyMTA2M2Y%3D\">reagiu<\/a>&nbsp;Magno Malta.<\/p>\n\n\n\n<p>Malafaia, por sua vez, foi enf\u00e1tico ao acusar a emissora da jornalista de atacar a f\u00e9 crist\u00e3: \u201cA CNN OFENDE A F\u00c9 DE MILH\u00d5ES DE CRIST\u00c3OS! Querem censurar as redes sociais, mas eles, tem a liberdade de caluniar, difamar e produzir a fake news que bem entenderem. VERGONHA ABSOLUTA!\u201d.<\/p>\n\n\n\n<h2>Daniela comenta<\/h2>\n\n\n\n<p>S\u00f3 ap\u00f3s a repercuss\u00e3o negativa envolvendo a sua fala, Daniela Lima veio a p\u00fablico atrav\u00e9s das redes sociais para se explicar. A apresentadora buscou se justificar, afirmando que a sua inten\u00e7\u00e3o foi se referir a quem cita \u201calguns\u201d vers\u00edculos do Antigo Testamento \u201cao p\u00e9 da letra\u201d.<\/p>\n\n\n\n<p>Isto \u00e9, em outras palavras, sem extrair deles o sentido moral do ensinamento, que \u00e9 a forma correta de entender o texto do Antigo Testamento \u00e0 luz do Novo, onde a gra\u00e7a imerecida de Deus foi revelada atrav\u00e9s de Jesus Cristo, trazendo salva\u00e7\u00e3o aos arrependidos por seus pecados.<\/p>\n\n\n\n<p>\u201cE o que faz a extrema direita quando algo q eles n\u00e3o querem ganha propor\u00e7\u00e3o? Recorta um trecho, tira o contexto, e joga pra turba do \u00f3dio. Sim, se vc defender ao p\u00e9 da letra ALGUNS trechos da B\u00edblia no meio da rua, pode incorrer em crime. Exemplos abaixo. Tudo do livro de \u00caxodo\u201d,&nbsp;<a href=\"https:\/\/twitter.com\/DanielaLima_\/status\/1653188025021612032\">escreveu<\/a>&nbsp;a jornalista no Twitter. Assista:<\/p>\n","protected":false},"excerpt":{"rendered":"<p>Apelidado de PL da Censura pelos cr\u00edticos, o Projeto de Lei 2630, ou simplesmente PL2630, continua sendo alvo de grande preocupa\u00e7\u00e3o por parte de quem defende a liberdade religiosa, com o pastor e escritor Renato Vargens. O l\u00edder religioso utilizou seu espa\u00e7o em uma coluna editorial para fazer um alerta aos crist\u00e3os sobre o risco [&hellip;]<\/p>\n","protected":false},"author":2,"featured_media":15650,"comment_status":"open","ping_status":"open","sticky":false,"template":"","format":"standard","meta":[],"categories":[5],"tags":[],"_links":{"self":[{"href":"https:\/\/dgospel.com.br\/portal\/index.php\/wp-json\/wp\/v2\/posts\/15649"}],"collection":[{"href":"https:\/\/dgospel.com.br\/portal\/index.php\/wp-json\/wp\/v2\/posts"}],"about":[{"href":"https:\/\/dgospel.com.br\/portal\/index.php\/wp-json\/wp\/v2\/types\/post"}],"author":[{"embeddable":true,"href":"https:\/\/dgospel.com.br\/portal\/index.php\/wp-json\/wp\/v2\/users\/2"}],"replies":[{"embeddable":true,"href":"https:\/\/dgospel.com.br\/portal\/index.php\/wp-json\/wp\/v2\/comments?post=15649"}],"version-history":[{"count":1,"href":"https:\/\/dgospel.com.br\/portal\/index.php\/wp-json\/wp\/v2\/posts\/15649\/revisions"}],"predecessor-version":[{"id":15651,"href":"https:\/\/dgospel.com.br\/portal\/index.php\/wp-json\/wp\/v2\/posts\/15649\/revisions\/15651"}],"wp:featuredmedia":[{"embeddable":true,"href":"https:\/\/dgospel.com.br\/portal\/index.php\/wp-json\/wp\/v2\/media\/15650"}],"wp:attachment":[{"href":"https:\/\/dgospel.com.br\/portal\/index.php\/wp-json\/wp\/v2\/media?parent=15649"}],"wp:term":[{"taxonomy":"category","embeddable":true,"href":"https:\/\/dgospel.com.br\/portal\/index.php\/wp-json\/wp\/v2\/categories?post=15649"},{"taxonomy":"post_tag","embeddable":true,"href":"https:\/\/dgospel.com.br\/portal\/index.php\/wp-json\/wp\/v2\/tags?post=15649"}],"curies":[{"name":"wp","href":"https:\/\/api.w.org\/{rel}","templated":true}]}}