{"id":1565,"date":"2018-10-09T16:18:59","date_gmt":"2018-10-09T19:18:59","guid":{"rendered":"http:\/\/dgospel.com.br\/portal\/?p=1565"},"modified":"2018-10-09T16:18:59","modified_gmt":"2018-10-09T19:18:59","slug":"aos-35-anos-de-idade-iraja-abreu-e-eleito-o-mais-novo-senador-da-historia-do-brasil","status":"publish","type":"post","link":"https:\/\/dgospel.com.br\/portal\/index.php\/2018\/10\/09\/aos-35-anos-de-idade-iraja-abreu-e-eleito-o-mais-novo-senador-da-historia-do-brasil\/","title":{"rendered":"Aos 35 anos de idade, Iraj\u00e1 Abreu \u00e9 eleito o mais novo senador da hist\u00f3ria do Brasil"},"content":{"rendered":"<p>O deputado federal do Tocantins Iraj\u00e1 Abreu (PSD) foi eleito o senador mais novo da hist\u00f3ria do Brasil. O pol\u00edtico tem 35 anos, a idade m\u00ednima exigida pela Constitui\u00e7\u00e3o Federal para que uma pessoa concorra e assuma o cargo. A informa\u00e7\u00e3o foi confirmada pelo Senado.<\/p>\n<p data-track-category=\"Link no Texto\" data-track-links=\"\"><a style=\"font-style: inherit;\" href=\"https:\/\/g1.globo.com\/to\/tocantins\/eleicoes\/2018\/noticia\/2018\/10\/08\/idade-nao-e-determinante-diz-iraja-abreu-eleito-senador-aos-35-anos.ghtml\">&#8220;Eu acho que a experi\u00eancia de vida \u00e9 o que conta nesse momento e n\u00e3o que a idade seja determinante&#8221;,<\/a>\u00a0disse Iraj\u00e1 em entrevista ao\u00a0<strong style=\"font-style: inherit;\">G1<\/strong>. Ele contou que come\u00e7ou a trabalhar aos 11 anos, aos 14 foi menor aprendiz, aos 16 foi emancipado para exercer a atividade empresarial, aos 19 anos foi pai e j\u00e1 exerceu dois mandatos como deputado federal.<\/p>\n<p data-track-category=\"Link no Texto\" data-track-links=\"\">At\u00e9 ent\u00e3o, o senador mais jovem tinha sido Gladson Cameli (PP-AC) , que assumiu o cargo em 2014 aos 36 anos, conforme informa\u00e7\u00f5es do Senado. Em 2010, havia sido a vez de Randolfe Rodrigues (Rede-AP), o mais jovem da sua legislatura, com 37 anos.<\/p>\n<p data-track-category=\"Link no Texto\" data-track-links=\"\"><a style=\"font-style: inherit;\" href=\"https:\/\/g1.globo.com\/to\/tocantins\/eleicoes\/2018\/noticia\/2018\/10\/07\/eduardo-gomes-sd-e-iraja-psd-sao-eleitos-senadores-pelo-tocantins.ghtml\">Iraj\u00e1 foi o segundo mais bem votado com 214.355 votos (16,82%). A primeira vaga ficou com Eduardo Gomes (SD) que obteve 248.358 votos (19,48%).<\/a><\/p>\n<p>O senador mais jovem do Brasil protagonizar\u00e1 outro fato curioso, exercer\u00e1 o mandato ao lado da m\u00e3e, a tamb\u00e9m senadora K\u00e1tia Abreu (PDT), reeleita para o cargo em 2015 e que ficar\u00e1 at\u00e9 2023 no Senado.<\/p>\n<p data-track-category=\"Link no Texto\" data-track-links=\"\">&#8220;Para mim \u00e9 uma honra. Primeiro minha m\u00e3e como pol\u00edtica, \u00e9 um exemplo de pessoa id\u00f4nea e correta na vida p\u00fablica. Trabalhadora incans\u00e1vel, tem obras em todo o estado do Tocantins e como qualquer filho, tenho orgulho de estar ao lado da m\u00e3e trabalhando pelo estado do Tocantins&#8221;, afirmou o mais novo senador.<\/p>\n<h2>M\u00e9dia<\/h2>\n<p>Segundo o Senado, a faixa et\u00e1ria com mais senadores eleitos nas elei\u00e7\u00f5es 2018, de acordo com dados do TSE, \u00e9 a de 55 a 59 anos, com 12 representantes, 22% do total. A faixa entre 35 e 39 anos, entre 40 e 44 anos e entre 70 e 74 anos t\u00eam quatro senadores cada uma. J\u00e1 os recortes entre 75 e 79 anos e entre 80 e 84 anos registraram um senador eleito em cada um.<\/p>\n<p><strong>M\u00e9dia de idade dos senadores<\/strong><\/p>\n<table style=\"font-style: inherit; font-weight: inherit;\">\n<tbody>\n<tr>\n<td style=\"font-style: inherit;\"><strong>Faixa et\u00e1ria<\/strong><\/td>\n<td style=\"font-style: inherit;\"><strong>Eleitos<\/strong><\/td>\n<\/tr>\n<tr>\n<td>35 a 39 anos<\/td>\n<td>4<\/td>\n<\/tr>\n<tr>\n<td>40 a 44 anos<\/td>\n<td>5<\/td>\n<\/tr>\n<tr>\n<td>45 a 49 anos<\/td>\n<td>7<\/td>\n<\/tr>\n<tr>\n<td>50 a 54 anos<\/td>\n<td>6<\/td>\n<\/tr>\n<tr>\n<td>55 a 59 anos<\/td>\n<td>12<\/td>\n<\/tr>\n<tr>\n<td>60 a 64 anos<\/td>\n<td>7<\/td>\n<\/tr>\n<tr>\n<td>65 a 69 anos<\/td>\n<td>7<\/td>\n<\/tr>\n<tr>\n<td>70 a 74 anos<\/td>\n<td>4<\/td>\n<\/tr>\n<tr>\n<td>75 a 79 anos<\/td>\n<td>1<\/td>\n<\/tr>\n<tr>\n<td>80 as 84 anos<\/td>\n<td>1<\/td>\n<\/tr>\n<tr>\n<td>Total<\/td>\n<td>54<\/td>\n<\/tr>\n<\/tbody>\n<\/table>\n<p>Fonte: Ag\u00eancia Senado<\/p>\n<h2><strong>Perfil<\/strong><\/h2>\n<p>Iraj\u00e1 Silvestre Filho, conhecido como Iraj\u00e1, foi lan\u00e7ado candidato pelo Partido Social Democr\u00e1tico (PSD). Ele nasceu em 1983, \u00e9 formado em Publicidade e Propaganda e j\u00e1 trabalhou como empres\u00e1rio e produtor rural.<\/p>\n<p data-track-category=\"Link no Texto\" data-track-links=\"\">Filho da Senadora K\u00e1tia Abreu, Iraj\u00e1 foi eleito deputado federal em 2011. Durante o mandato, se licenciou para assumir o cargo de Secret\u00e1rio de Desenvolvimento Agr\u00e1rio e Regulariza\u00e7\u00e3o Fundi\u00e1ria no governo do Tocantins. Foi reeleito como deputado federal em 2014.<\/p>\n<p>Fonte:\u00a0G1 Tocantins<\/p>\n","protected":false},"excerpt":{"rendered":"<p>O deputado federal do Tocantins Iraj\u00e1 Abreu (PSD) foi eleito o senador mais novo da hist\u00f3ria do Brasil. O pol\u00edtico tem 35 anos, a idade m\u00ednima exigida pela Constitui\u00e7\u00e3o Federal para que uma pessoa concorra e assuma o cargo. A informa\u00e7\u00e3o foi confirmada pelo Senado. &#8220;Eu acho que a experi\u00eancia de vida \u00e9 o que [&hellip;]<\/p>\n","protected":false},"author":2,"featured_media":1566,"comment_status":"open","ping_status":"open","sticky":false,"template":"","format":"standard","meta":[],"categories":[2,4],"tags":[],"_links":{"self":[{"href":"https:\/\/dgospel.com.br\/portal\/index.php\/wp-json\/wp\/v2\/posts\/1565"}],"collection":[{"href":"https:\/\/dgospel.com.br\/portal\/index.php\/wp-json\/wp\/v2\/posts"}],"about":[{"href":"https:\/\/dgospel.com.br\/portal\/index.php\/wp-json\/wp\/v2\/types\/post"}],"author":[{"embeddable":true,"href":"https:\/\/dgospel.com.br\/portal\/index.php\/wp-json\/wp\/v2\/users\/2"}],"replies":[{"embeddable":true,"href":"https:\/\/dgospel.com.br\/portal\/index.php\/wp-json\/wp\/v2\/comments?post=1565"}],"version-history":[{"count":1,"href":"https:\/\/dgospel.com.br\/portal\/index.php\/wp-json\/wp\/v2\/posts\/1565\/revisions"}],"predecessor-version":[{"id":1567,"href":"https:\/\/dgospel.com.br\/portal\/index.php\/wp-json\/wp\/v2\/posts\/1565\/revisions\/1567"}],"wp:featuredmedia":[{"embeddable":true,"href":"https:\/\/dgospel.com.br\/portal\/index.php\/wp-json\/wp\/v2\/media\/1566"}],"wp:attachment":[{"href":"https:\/\/dgospel.com.br\/portal\/index.php\/wp-json\/wp\/v2\/media?parent=1565"}],"wp:term":[{"taxonomy":"category","embeddable":true,"href":"https:\/\/dgospel.com.br\/portal\/index.php\/wp-json\/wp\/v2\/categories?post=1565"},{"taxonomy":"post_tag","embeddable":true,"href":"https:\/\/dgospel.com.br\/portal\/index.php\/wp-json\/wp\/v2\/tags?post=1565"}],"curies":[{"name":"wp","href":"https:\/\/api.w.org\/{rel}","templated":true}]}}