{"id":15667,"date":"2023-05-09T22:57:41","date_gmt":"2023-05-10T01:57:41","guid":{"rendered":"http:\/\/dgospel.com.br\/portal\/?p=15667"},"modified":"2023-05-09T22:57:43","modified_gmt":"2023-05-10T01:57:43","slug":"telegram-ja-foi-bloqueado-por-11-ditaduras-brasil-pode-ser-o-proximo","status":"publish","type":"post","link":"https:\/\/dgospel.com.br\/portal\/index.php\/2023\/05\/09\/telegram-ja-foi-bloqueado-por-11-ditaduras-brasil-pode-ser-o-proximo\/","title":{"rendered":"Telegram j\u00e1 foi bloqueado por 11 ditaduras; Brasil pode ser o pr\u00f3ximo"},"content":{"rendered":"\n<p>Sob uma s\u00e9rie de premissas, como o combate \u00e0 dissemina\u00e7\u00e3o de desinforma\u00e7\u00e3o e ao discurso de \u00f3dio, falta de fornecimento de dados e organiza\u00e7\u00e3o de supostas \u201c<strong><a href=\"https:\/\/revistaoeste.com\/?s=mil%C3%ADcias+digitais\" target=\"_blank\" rel=\"noreferrer noopener\">mil\u00edcias digitais<\/a><\/strong>\u201d, parlamentares apresentaram o&nbsp;<strong><a href=\"https:\/\/www.camara.leg.br\/propostas-legislativas\/2256735\" target=\"_blank\" rel=\"noreferrer noopener\">Projeto de Lei (PL) 2630\/2020<\/a><\/strong>, que supostamente preserva a liberdade, a responsabilidade e a transpar\u00eancia na internet.<\/p>\n\n\n\n<p>Caso isso ocorra, o texto, de autoria dos parlamentares&nbsp;<strong><a href=\"https:\/\/twitter.com\/_AlessandroSE\" target=\"_blank\" rel=\"noreferrer noopener\">Alessandro Vieira<\/a><\/strong>&nbsp;(Cidadania-SE),&nbsp;<strong><a href=\"https:\/\/twitter.com\/tabataamaralsp\" target=\"_blank\" rel=\"noreferrer noopener\">T\u00e1bata Amaral<\/a><\/strong>&nbsp;(PDT-SP) e&nbsp;<strong><a href=\"https:\/\/twitter.com\/rigoni_felipe\" target=\"_blank\" rel=\"noreferrer noopener\">Felipe Rigoni<\/a><\/strong>&nbsp;(PSB-ES), \u00e9 encaminhado \u00e0 C\u00e2mara dos Deputados, onde precisa de 257 votos para seguir \u00e0 san\u00e7\u00e3o presidencial.<\/p>\n\n\n\n<p>Na hip\u00f3tese de virar lei, o PL vai \u201cregulamentar a forma como as redes sociais e os aplicativos de mensagens funcionar\u00e3o no pa\u00eds. E impedir a dissemina\u00e7\u00e3o de desinforma\u00e7\u00e3o, not\u00edcias falsas e manipula\u00e7\u00e3o\u201d. N\u00e3o h\u00e1 consenso acerca do que \u00e9&nbsp;<strong><a href=\"https:\/\/revistaoeste.com\/?s=fake+news\" target=\"_blank\" rel=\"noreferrer noopener\"><em>fake<\/em>&nbsp;<em>news<\/em><\/a><\/strong>. Portanto, tal classifica\u00e7\u00e3o seria subjetiva, podendo ser feita de maneira arbitr\u00e1ria.<\/p>\n\n\n\n<p>Na semana passada, o projeto saiu da pauta da&nbsp;<strong><a href=\"https:\/\/revistaoeste.com\/?s=C%C3%A2mara+dos+Deputados\" target=\"_blank\" rel=\"noreferrer noopener\">C\u00e2mara dos Deputados<\/a><\/strong>, por falta de votos e em virtude da press\u00e3o popular.<\/p>\n\n\n\n<p>A regra \u00e9 repetida em outros pa\u00edses \u2014 entre eles ditaduras, como a de Cuba, da China e de Belarus. Al\u00e9m destes, outros oito pa\u00edses t\u00eam restri\u00e7\u00f5es ao uso de aplicativos de mensagem, como o Telegram. S\u00e3o eles:<\/p>\n\n\n\n<ol><li>China \u2014 uso proibido (usu\u00e1rios conseguem acessar com VPN);<\/li><li>\u00cdndia \u2014 liberado com restri\u00e7\u00f5es (alguns canais s\u00e3o bloqueados);<\/li><li>R\u00fassia \u2014 liberado com restri\u00e7\u00f5es;<\/li><li>Belarus \u2014 liberado com restri\u00e7\u00f5es (criminaliza atividade de grupos classificados como \u201cextremistas\u201d);<\/li><li>Indon\u00e9sia \u2014 liberado com restri\u00e7\u00f5es (alguns canais s\u00e3o bloqueados);<\/li><li>Azerbaij\u00e3o \u2014 liberado com restri\u00e7\u00f5es (alguns canais s\u00e3o bloqueados);<\/li><li>Bahrein \u2014 uso proibido (usu\u00e1rios conseguem acessar com VPN);<\/li><li>Cuba \u2014 liberado com restri\u00e7\u00f5es;<\/li><li>Ir\u00e3 \u2014 uso proibido (usu\u00e1rios conseguem acessar com VPN);<\/li><li>Paquist\u00e3o \u2014 liberado com restri\u00e7\u00f5es;<\/li><li>Tail\u00e2ndia \u2014 liberado com restri\u00e7\u00f5es.<\/li><\/ol>\n\n\n\n<h2 id=\"h-telegram-no-brasil-e-o-pl-2630\">Telegram no Brasil e o PL 2630<\/h2>\n\n\n\n<figure class=\"wp-block-image\"><img src=\"https:\/\/medias.revistaoeste.com\/qa-staging\/wp-content\/uploads\/2023\/05\/telegram-PL-2630.jpg\" alt=\"Telegram\" class=\"wp-image-911286\"\/><figcaption>Foto: Bruno Spada\/C\u00e2mara dos Deputados<\/figcaption><\/figure>\n\n\n\n<p>O canal oficial do Telegram no Brasil publicou nesta ter\u00e7a-feira, 9, um artigo com cr\u00edticas ao PL 2630. Na publica\u00e7\u00e3o, a empresa lista diversos argumentos que, caso sejam adotados, podem \u201cmatar a internet moderna\u201d.<\/p>\n\n\n\n<p>Segundo o Telegram Brasil, o PL \u201cconcede poderes de censura ao governo\u201d. Isso porque a iniciativa permite ao Executivo limitar o que pode ou n\u00e3o ser dito on-line, ao for\u00e7ar os aplicativos a removerem \u201cproativamente fatos\u201d ou opini\u00f5es que ele considera \u201cinaceit\u00e1veis\u201d e suspenda qualquer servi\u00e7o de internet \u2014 sem uma ordem judicial.<\/p>\n\n\n\n<h3 id=\"h-cria-um-sistema-de-vigilancia-permanente\">Cria um sistema de vigil\u00e2ncia permanente<\/h3>\n\n\n\n<figure class=\"wp-block-image\"><img src=\"https:\/\/medias.revistaoeste.com\/qa-staging\/wp-content\/uploads\/2023\/05\/menina-adolescente-com-corrente-de-maos-presas-usando-um-smartphone-isolado-1024x683.jpg\" alt=\"Telegram\" class=\"wp-image-911278\"\/><figcaption>Foto: Freepik<\/figcaption><\/figure>\n\n\n\n<p>\u201cO projeto de lei exige que as plataformas monitorem as comunica\u00e7\u00f5es e informem as autoridades policiais em caso de suspeita de que um crime tenha ocorrido ou possa ocorrer no futuro\u201d, constatou o Telegram, em outro trecho do artigo. \u201cIsso cria um sistema de vigil\u00e2ncia permanente, semelhante ao de pa\u00edses com regimes antidemocr\u00e1ticos.\u201d<\/p>\n\n\n\n<p>Reportagem publicada pela Revista&nbsp;<strong>Oeste<\/strong>&nbsp;mostra que o PL 2630 se inspirou em leis europeias. O texto brasileiro, contudo, \u00e9 mais autorit\u00e1rio e s\u00f3 perde para ditaduras, como Venezuela e China.<\/p>\n\n\n\n<p><\/p>\n","protected":false},"excerpt":{"rendered":"<p>Sob uma s\u00e9rie de premissas, como o combate \u00e0 dissemina\u00e7\u00e3o de desinforma\u00e7\u00e3o e ao discurso de \u00f3dio, falta de fornecimento de dados e organiza\u00e7\u00e3o de supostas \u201cmil\u00edcias digitais\u201d, parlamentares apresentaram o&nbsp;Projeto de Lei (PL) 2630\/2020, que supostamente preserva a liberdade, a responsabilidade e a transpar\u00eancia na internet. Caso isso ocorra, o texto, de autoria dos [&hellip;]<\/p>\n","protected":false},"author":2,"featured_media":15668,"comment_status":"open","ping_status":"open","sticky":false,"template":"","format":"standard","meta":[],"categories":[10],"tags":[],"_links":{"self":[{"href":"https:\/\/dgospel.com.br\/portal\/index.php\/wp-json\/wp\/v2\/posts\/15667"}],"collection":[{"href":"https:\/\/dgospel.com.br\/portal\/index.php\/wp-json\/wp\/v2\/posts"}],"about":[{"href":"https:\/\/dgospel.com.br\/portal\/index.php\/wp-json\/wp\/v2\/types\/post"}],"author":[{"embeddable":true,"href":"https:\/\/dgospel.com.br\/portal\/index.php\/wp-json\/wp\/v2\/users\/2"}],"replies":[{"embeddable":true,"href":"https:\/\/dgospel.com.br\/portal\/index.php\/wp-json\/wp\/v2\/comments?post=15667"}],"version-history":[{"count":1,"href":"https:\/\/dgospel.com.br\/portal\/index.php\/wp-json\/wp\/v2\/posts\/15667\/revisions"}],"predecessor-version":[{"id":15669,"href":"https:\/\/dgospel.com.br\/portal\/index.php\/wp-json\/wp\/v2\/posts\/15667\/revisions\/15669"}],"wp:featuredmedia":[{"embeddable":true,"href":"https:\/\/dgospel.com.br\/portal\/index.php\/wp-json\/wp\/v2\/media\/15668"}],"wp:attachment":[{"href":"https:\/\/dgospel.com.br\/portal\/index.php\/wp-json\/wp\/v2\/media?parent=15667"}],"wp:term":[{"taxonomy":"category","embeddable":true,"href":"https:\/\/dgospel.com.br\/portal\/index.php\/wp-json\/wp\/v2\/categories?post=15667"},{"taxonomy":"post_tag","embeddable":true,"href":"https:\/\/dgospel.com.br\/portal\/index.php\/wp-json\/wp\/v2\/tags?post=15667"}],"curies":[{"name":"wp","href":"https:\/\/api.w.org\/{rel}","templated":true}]}}