{"id":15677,"date":"2023-05-11T11:07:18","date_gmt":"2023-05-11T14:07:18","guid":{"rendered":"http:\/\/dgospel.com.br\/portal\/?p=15677"},"modified":"2023-05-11T11:07:19","modified_gmt":"2023-05-11T14:07:19","slug":"censura-paquistao-derruba-facebook-e-twitter","status":"publish","type":"post","link":"https:\/\/dgospel.com.br\/portal\/index.php\/2023\/05\/11\/censura-paquistao-derruba-facebook-e-twitter\/","title":{"rendered":"Censura: Paquist\u00e3o derruba Facebook e Twitter"},"content":{"rendered":"\n<p>N\u00e3o \u00e9 s\u00f3 no Brasil que as plataformas digitais est\u00e3o na mira das autoridades. Nesta quarta-feira, 10, o Paquist\u00e3o bloqueou o acesso ao Facebook e ao Twitter.<\/p>\n\n\n\n<p>A suspens\u00e3o das&nbsp;<strong><a href=\"https:\/\/revistaoeste.com\/?s=rede+sociais\" target=\"_blank\" rel=\"noreferrer noopener\">redes sociais<\/a><\/strong>&nbsp;ocorre em meio a protestos no pa\u00eds, em decorr\u00eancia da pris\u00e3o do ex-ministro Imran Khan. O pol\u00edtico \u00e9 acusado de corrup\u00e7\u00e3o, mas a decis\u00e3o judicial fez com que apoiadores dele fossem \u00e0s ruas protestar,&nbsp;<strong><a href=\"https:\/\/www.aljazeera.com\/news\/2023\/5\/9\/pakistan-blocks-social-media-platforms-restricts-internet\" target=\"_blank\" rel=\"noreferrer noopener\">informa o site da emissora Al Jazeera<\/a><\/strong>.<\/p>\n\n\n\n<p>Com o bloqueio de Facebook e Twitter, a Anistia Internacional divulgou nota com cr\u00edticas ao governo do pa\u00eds asi\u00e1tico. Segundo a entidade, o bloqueio das duas plataformas afeta a liberdade de express\u00e3o local.<\/p>\n\n\n\n<p>\u201cIsso restringe o acesso das pessoas \u00e0 informa\u00e7\u00e3o e \u00e0 liberdade de express\u00e3o\u201d, afirmou a Anistia Internacional. \u201cPedimos \u00e0 Autoridade de Telecomunica\u00e7\u00f5es do Paquist\u00e3o e ao Minist\u00e9rio do Interior que revertam imediatamente esta proibi\u00e7\u00e3o\u201d, prosseguiu a organiza\u00e7\u00e3o.<\/p>\n\n\n\n<p>De acordo com a plataforma NetBlocks, as plataformas de redes sociais n\u00e3o foram as \u00fanicas afetadas no Paquist\u00e3o. \u201cForam observados desligamentos totais da internet em algumas regi\u00f5es\u201d, relatou a equipe do projeto.<\/p>\n\n\n\n<h2 id=\"h-redes-sociais-no-paquistao-e-no-brasil\">Redes sociais no Paquist\u00e3o e no Brasil<\/h2>\n\n\n\n<figure class=\"wp-block-image\"><img src=\"https:\/\/medias.revistaoeste.com\/qa-staging\/wp-content\/uploads\/2023\/05\/Telegram.webp\" alt=\"Telegram\" class=\"wp-image-911272\"\/><figcaption>Foto: Reprodu\u00e7\u00e3o\/Redes Sociais<\/figcaption><\/figure>\n\n\n\n<p>Enquanto o Paquist\u00e3o bloqueia o acesso ao Twitter e ao Facebook, autoridades brasileiras miram o Telegram. Nesta quarta-feira, por exemplo,&nbsp;<strong><a href=\"https:\/\/revistaoeste.com\/tecnologia\/telegram-obedece-alexandre-moraes\/\" target=\"_blank\" rel=\"noreferrer noopener\">o aplicativo de mensagens atendeu \u00e0 ordem do ministro Alexandre de Moraes<\/a><\/strong>, do Supremo Tribunal Federal, e divulgou nota sobre o Projeto de Lei (PL) 2630\/2020. Caso n\u00e3o divulgasse tal conte\u00fado, a plataforma seria suspensa do Brasil.<\/p>\n\n\n\n<p>Al\u00e9m disso, por marcar posi\u00e7\u00e3o contra o PL 2630, o Google&nbsp;<strong><a href=\"https:\/\/revistaoeste.com\/politica\/governo-lula-multa-google-em-r-1-milhao-por-criticas-ao-pl-da-censura\/\" target=\"_blank\" rel=\"noreferrer noopener\">recebeu multa de R$ 1 milh\u00e3o da Secretaria Nacional do Consumidor<\/a><\/strong>.<\/p>\n","protected":false},"excerpt":{"rendered":"<p>N\u00e3o \u00e9 s\u00f3 no Brasil que as plataformas digitais est\u00e3o na mira das autoridades. Nesta quarta-feira, 10, o Paquist\u00e3o bloqueou o acesso ao Facebook e ao Twitter. A suspens\u00e3o das&nbsp;redes sociais&nbsp;ocorre em meio a protestos no pa\u00eds, em decorr\u00eancia da pris\u00e3o do ex-ministro Imran Khan. O pol\u00edtico \u00e9 acusado de corrup\u00e7\u00e3o, mas a decis\u00e3o judicial [&hellip;]<\/p>\n","protected":false},"author":2,"featured_media":15678,"comment_status":"open","ping_status":"open","sticky":false,"template":"","format":"standard","meta":[],"categories":[16],"tags":[],"_links":{"self":[{"href":"https:\/\/dgospel.com.br\/portal\/index.php\/wp-json\/wp\/v2\/posts\/15677"}],"collection":[{"href":"https:\/\/dgospel.com.br\/portal\/index.php\/wp-json\/wp\/v2\/posts"}],"about":[{"href":"https:\/\/dgospel.com.br\/portal\/index.php\/wp-json\/wp\/v2\/types\/post"}],"author":[{"embeddable":true,"href":"https:\/\/dgospel.com.br\/portal\/index.php\/wp-json\/wp\/v2\/users\/2"}],"replies":[{"embeddable":true,"href":"https:\/\/dgospel.com.br\/portal\/index.php\/wp-json\/wp\/v2\/comments?post=15677"}],"version-history":[{"count":1,"href":"https:\/\/dgospel.com.br\/portal\/index.php\/wp-json\/wp\/v2\/posts\/15677\/revisions"}],"predecessor-version":[{"id":15679,"href":"https:\/\/dgospel.com.br\/portal\/index.php\/wp-json\/wp\/v2\/posts\/15677\/revisions\/15679"}],"wp:featuredmedia":[{"embeddable":true,"href":"https:\/\/dgospel.com.br\/portal\/index.php\/wp-json\/wp\/v2\/media\/15678"}],"wp:attachment":[{"href":"https:\/\/dgospel.com.br\/portal\/index.php\/wp-json\/wp\/v2\/media?parent=15677"}],"wp:term":[{"taxonomy":"category","embeddable":true,"href":"https:\/\/dgospel.com.br\/portal\/index.php\/wp-json\/wp\/v2\/categories?post=15677"},{"taxonomy":"post_tag","embeddable":true,"href":"https:\/\/dgospel.com.br\/portal\/index.php\/wp-json\/wp\/v2\/tags?post=15677"}],"curies":[{"name":"wp","href":"https:\/\/api.w.org\/{rel}","templated":true}]}}