{"id":15680,"date":"2023-05-11T11:09:23","date_gmt":"2023-05-11T14:09:23","guid":{"rendered":"http:\/\/dgospel.com.br\/portal\/?p=15680"},"modified":"2023-05-11T11:09:25","modified_gmt":"2023-05-11T14:09:25","slug":"ccj-aprova-projeto-de-sergio-moro-para-punir-crimes-contra-agentes-da-lei","status":"publish","type":"post","link":"https:\/\/dgospel.com.br\/portal\/index.php\/2023\/05\/11\/ccj-aprova-projeto-de-sergio-moro-para-punir-crimes-contra-agentes-da-lei\/","title":{"rendered":"CCJ aprova projeto de Sergio Moro para punir crimes contra agentes da lei"},"content":{"rendered":"\n<p>A Comiss\u00e3o de Constitui\u00e7\u00e3o e Justi\u00e7a (CCJ) do Senado aprovou, nesta quarta-feira, 10, por unanimidade o Projeto de Lei (PL) 1307\/2023, que criminaliza o planejamento de atentados contra agentes da lei. A proposta \u00e9 de autoria do&nbsp;<strong><a href=\"https:\/\/twitter.com\/SF_Moro\" target=\"_blank\" rel=\"noreferrer noopener\">senador<\/a><\/strong>&nbsp;Sergio Moro (Uni\u00e3o Brasil-PR).<\/p>\n\n\n\n<p>\u201cA atual legisla\u00e7\u00e3o brasileira apresenta fragilidade sobre o tema, j\u00e1 que o C\u00f3digo Penal vigente n\u00e3o tipifica a pr\u00e1tica de planejamento do ato il\u00edcito\u201d, disse Moro. \u201cCom a cria\u00e7\u00e3o da lei, ser\u00e1 permitida a interven\u00e7\u00e3o da pol\u00edtica antes da execu\u00e7\u00e3o do crime, ou seja, ainda na elabora\u00e7\u00e3o do ataque, diminuindo significativamente as chances de execu\u00e7\u00e3o de crimes.\u201d<\/p>\n\n\n\n<p>O PL ainda estende medidas de prote\u00e7\u00e3o a agentes da lei que est\u00e3o na linha de frente no enfrentamento \u00e0s organiza\u00e7\u00f5es criminosas, como policiais, ju\u00edzes, promotores, em atividade ou aposentados, que se encontram em situa\u00e7\u00e3o de risco.<\/p>\n\n\n\n<p>Agora a proposta vai ser remetida \u00e0 C\u00e2mara dos Deputados. Contudo, se algum recurso for apresentado \u2014 em at\u00e9 cinco dias \u00fateis e com a assinatura de nove senadores \u2014, o PL pode ser encaminhado diretamente ao plen\u00e1rio do Senado, antes de ser enviado para a an\u00e1lise dos deputados.<\/p>\n\n\n\n<p>Sergio&nbsp;<strong><a href=\"https:\/\/revistaoeste.com\/brasil\/sergio-moro-anuncia-projeto-de-lei-para-punir-crimes-contra-autoridades\/\" target=\"_blank\" rel=\"noreferrer noopener\">Moro apresentou o PL em mar\u00e7o deste ano<\/a><\/strong>, depois que a Pol\u00edcia Federal prendeu integrantes do Primeiro Comando da Capital que planejaram matar o senador e outras autoridades, como o promotor do Minist\u00e9rio P\u00fablico (MP) de S\u00e3o Paulo Lincoln Gakiya.<\/p>\n","protected":false},"excerpt":{"rendered":"<p>A Comiss\u00e3o de Constitui\u00e7\u00e3o e Justi\u00e7a (CCJ) do Senado aprovou, nesta quarta-feira, 10, por unanimidade o Projeto de Lei (PL) 1307\/2023, que criminaliza o planejamento de atentados contra agentes da lei. A proposta \u00e9 de autoria do&nbsp;senador&nbsp;Sergio Moro (Uni\u00e3o Brasil-PR). \u201cA atual legisla\u00e7\u00e3o brasileira apresenta fragilidade sobre o tema, j\u00e1 que o C\u00f3digo Penal vigente [&hellip;]<\/p>\n","protected":false},"author":2,"featured_media":15681,"comment_status":"open","ping_status":"open","sticky":false,"template":"","format":"standard","meta":[],"categories":[8],"tags":[],"_links":{"self":[{"href":"https:\/\/dgospel.com.br\/portal\/index.php\/wp-json\/wp\/v2\/posts\/15680"}],"collection":[{"href":"https:\/\/dgospel.com.br\/portal\/index.php\/wp-json\/wp\/v2\/posts"}],"about":[{"href":"https:\/\/dgospel.com.br\/portal\/index.php\/wp-json\/wp\/v2\/types\/post"}],"author":[{"embeddable":true,"href":"https:\/\/dgospel.com.br\/portal\/index.php\/wp-json\/wp\/v2\/users\/2"}],"replies":[{"embeddable":true,"href":"https:\/\/dgospel.com.br\/portal\/index.php\/wp-json\/wp\/v2\/comments?post=15680"}],"version-history":[{"count":1,"href":"https:\/\/dgospel.com.br\/portal\/index.php\/wp-json\/wp\/v2\/posts\/15680\/revisions"}],"predecessor-version":[{"id":15682,"href":"https:\/\/dgospel.com.br\/portal\/index.php\/wp-json\/wp\/v2\/posts\/15680\/revisions\/15682"}],"wp:featuredmedia":[{"embeddable":true,"href":"https:\/\/dgospel.com.br\/portal\/index.php\/wp-json\/wp\/v2\/media\/15681"}],"wp:attachment":[{"href":"https:\/\/dgospel.com.br\/portal\/index.php\/wp-json\/wp\/v2\/media?parent=15680"}],"wp:term":[{"taxonomy":"category","embeddable":true,"href":"https:\/\/dgospel.com.br\/portal\/index.php\/wp-json\/wp\/v2\/categories?post=15680"},{"taxonomy":"post_tag","embeddable":true,"href":"https:\/\/dgospel.com.br\/portal\/index.php\/wp-json\/wp\/v2\/tags?post=15680"}],"curies":[{"name":"wp","href":"https:\/\/api.w.org\/{rel}","templated":true}]}}