{"id":15683,"date":"2023-05-11T11:11:32","date_gmt":"2023-05-11T14:11:32","guid":{"rendered":"http:\/\/dgospel.com.br\/portal\/?p=15683"},"modified":"2023-05-11T11:11:33","modified_gmt":"2023-05-11T14:11:33","slug":"coro-da-censura-pt-acusa-telegram-de-ameacar-a-democracia-brasileira","status":"publish","type":"post","link":"https:\/\/dgospel.com.br\/portal\/index.php\/2023\/05\/11\/coro-da-censura-pt-acusa-telegram-de-ameacar-a-democracia-brasileira\/","title":{"rendered":"Coro da censura: PT acusa Telegram de amea\u00e7ar a democracia brasileira"},"content":{"rendered":"\n<p>O&nbsp;<strong><a href=\"https:\/\/revistaoeste.com\/?s=partido+dos+trabalhadores\" target=\"_blank\" rel=\"noreferrer noopener\">Partido dos Trabalhadores<\/a><\/strong>&nbsp;(PT) se uniu ao coro da censura e publicou um texto no qual afirma que o Telegram amea\u00e7a a democracia brasileira e veicula crimes. A manifesta\u00e7\u00e3o da legenda ocorreu na ter\u00e7a-feira 9.<\/p>\n\n\n\n<p>Com o t\u00edtulo \u201cTelegram ignora crimes nas redes e amea\u00e7a a democracia brasileira\u201d, o PT cita declara\u00e7\u00f5es do deputado federal&nbsp;<strong><a href=\"https:\/\/www.google.com\/search?q=%22jilmar+tatto%22+site%3Arevistaoeste.com&amp;ei=GvpbZLaWN6KT5OUPkPmekAs&amp;ved=0ahUKEwi2i7Sox-v-AhWiCbkGHZC8B7IQ4dUDCA8&amp;uact=5&amp;oq=%22jilmar+tatto%22+site%3Arevistaoeste.com&amp;gs_lcp=Cgxnd3Mtd2l6LXNlcnAQA0oECEEYAVDluSpY588qYP7aKmgJcAB4AIABwwGIAewLkgEDNy43mAEAoAEBwAEB&amp;sclient=gws-wiz-serp\" target=\"_blank\" rel=\"noreferrer noopener\">Jilmar Tatto<\/a><\/strong>&nbsp;(PT-SP), secret\u00e1rio de Comunica\u00e7\u00e3o do partido. Entre elas, que o aplicativo de mensagens est\u00e1 \u201ccom medo em rela\u00e7\u00e3o a esse projeto, porque vai acabar com essa hist\u00f3ria de ficar divulgando pornografia infantil e n\u00e3o ser punido\u201d.<\/p>\n\n\n\n<p>A deputada federal Gleisi Hoffmann, presidente do PT, tamb\u00e9m teve suas falas em destaque na publica\u00e7\u00e3o: \u201cDe que liberdade est\u00e3o falando? De cometer crimes? Incitar a viol\u00eancia? Mentir?\u201d. O PT afirmou que o PL 2630 \u201cnada tem a ver\u201d com a censura.<\/p>\n\n\n\n<p>Apesar das acusa\u00e7\u00f5es, o Telegram n\u00e3o divulga pornografia infantil aos usu\u00e1rios. O que ocorre \u00e9 que alguns indiv\u00edduos usam a plataforma para cometer&nbsp;<strong><a href=\"https:\/\/revistaoeste.com\/?s=crimes\" target=\"_blank\" rel=\"noreferrer noopener\">crimes<\/a><\/strong>, como compartilhar pornografia infantil. Isso tamb\u00e9m pode ser feito pelo WhatsApp, pelo Facebook ou mesmo pelos Correios.<\/p>\n\n\n\n<p>Em suas diretrizes, o aplicativo informa ao usu\u00e1rio que, se ele encontrar \u201cconjuntos de&nbsp;<em>stickers<\/em>&nbsp;[<em>figurinhas<\/em>] ou&nbsp;<em>bots<\/em>&nbsp;no Telegram que considera ilegais\u201d, deve envi\u00e1-los para&nbsp;abuse@telegram.org.<\/p>\n\n\n\n<p>\u201cVoc\u00ea tamb\u00e9m pode usar os bot\u00f5es de \u2018relat\u00f3rio\u2019 dentro de nossos aplicativos\u201d, diz o Telegram, que direciona o usu\u00e1rio para uma publica\u00e7\u00e3o com os detalhes dos passos a serem seguidos.<\/p>\n\n\n\n<h2 id=\"h-especialistas-dizem-que-telegram-pode-facilitar-o-monitoramento-de-crimes\">Especialistas dizem que Telegram pode facilitar o monitoramento de crimes<\/h2>\n\n\n\n<figure class=\"wp-block-image\"><img src=\"https:\/\/medias.revistaoeste.com\/qa-staging\/wp-content\/uploads\/2023\/05\/telegram-62-1024x1024.png\" alt=\"telegram\" class=\"wp-image-912127\"\/><figcaption>Telegram facilita rastreio de crimes | Imagem: Pixabay<\/figcaption><\/figure>\n\n\n\n<p>Em mar\u00e7o de 2022, quando o ministro&nbsp;<strong><a href=\"https:\/\/revistaoeste.com\/?s=alexandre+de+moraes\" target=\"_blank\" rel=\"noreferrer noopener\">Alexandre de Moraes<\/a><\/strong>&nbsp;determinou o bloqueio do Telegram, especialistas disseram ao site&nbsp;<em>Poder360&nbsp;<\/em>que as cr\u00edticas ao potencial de dissemina\u00e7\u00e3o de conte\u00fado ilegal no Telegram eram exageradas e que o aplicativo facilita o monitoramento de crimes.<\/p>\n\n\n\n<p>O professor de Direito Eleitoral e Digital Alexandre Bas\u00edlio disse que, no Telegram, \u201c\u00e9 relativamente simples automatizar uma s\u00e9rie de fiscaliza\u00e7\u00f5es e controles por meio de&nbsp;<em>bots<\/em>&nbsp;[<em>rob\u00f4s<\/em>], inclusive automatizar um&nbsp;<em>bot<\/em>&nbsp;com as principais&nbsp;<em>fake news&nbsp;<\/em>ou canais de desinforma\u00e7\u00e3o pol\u00edtica, bem como com envio dos fatos checados\u201d.<\/p>\n\n\n\n<p>J\u00e1 o professor Diego Dorgam, da Universidade de Bras\u00edlia (<strong><a href=\"https:\/\/revistaoeste.com\/?s=unb\" target=\"_blank\" rel=\"noreferrer noopener\">UnB<\/a><\/strong>), ressaltou que qualquer pessoa pode buscar grupos e canais no Telegram. Por isso, \u00e9 mais f\u00e1cil para as autoridades combaterem a desinforma\u00e7\u00e3o e identificarem os grupos criminosos.<\/p>\n\n\n\n<p>Dorgam ainda disse que o Telegram oferece \u201ctudo o que uma institui\u00e7\u00e3o precisa para fazer o combate de desinforma\u00e7\u00e3o de forma l\u00edcita e em escala\u201d.<\/p>\n","protected":false},"excerpt":{"rendered":"<p>O&nbsp;Partido dos Trabalhadores&nbsp;(PT) se uniu ao coro da censura e publicou um texto no qual afirma que o Telegram amea\u00e7a a democracia brasileira e veicula crimes. A manifesta\u00e7\u00e3o da legenda ocorreu na ter\u00e7a-feira 9. Com o t\u00edtulo \u201cTelegram ignora crimes nas redes e amea\u00e7a a democracia brasileira\u201d, o PT cita declara\u00e7\u00f5es do deputado federal&nbsp;Jilmar Tatto&nbsp;(PT-SP), [&hellip;]<\/p>\n","protected":false},"author":2,"featured_media":15684,"comment_status":"open","ping_status":"open","sticky":false,"template":"","format":"standard","meta":[],"categories":[4],"tags":[],"_links":{"self":[{"href":"https:\/\/dgospel.com.br\/portal\/index.php\/wp-json\/wp\/v2\/posts\/15683"}],"collection":[{"href":"https:\/\/dgospel.com.br\/portal\/index.php\/wp-json\/wp\/v2\/posts"}],"about":[{"href":"https:\/\/dgospel.com.br\/portal\/index.php\/wp-json\/wp\/v2\/types\/post"}],"author":[{"embeddable":true,"href":"https:\/\/dgospel.com.br\/portal\/index.php\/wp-json\/wp\/v2\/users\/2"}],"replies":[{"embeddable":true,"href":"https:\/\/dgospel.com.br\/portal\/index.php\/wp-json\/wp\/v2\/comments?post=15683"}],"version-history":[{"count":1,"href":"https:\/\/dgospel.com.br\/portal\/index.php\/wp-json\/wp\/v2\/posts\/15683\/revisions"}],"predecessor-version":[{"id":15685,"href":"https:\/\/dgospel.com.br\/portal\/index.php\/wp-json\/wp\/v2\/posts\/15683\/revisions\/15685"}],"wp:featuredmedia":[{"embeddable":true,"href":"https:\/\/dgospel.com.br\/portal\/index.php\/wp-json\/wp\/v2\/media\/15684"}],"wp:attachment":[{"href":"https:\/\/dgospel.com.br\/portal\/index.php\/wp-json\/wp\/v2\/media?parent=15683"}],"wp:term":[{"taxonomy":"category","embeddable":true,"href":"https:\/\/dgospel.com.br\/portal\/index.php\/wp-json\/wp\/v2\/categories?post=15683"},{"taxonomy":"post_tag","embeddable":true,"href":"https:\/\/dgospel.com.br\/portal\/index.php\/wp-json\/wp\/v2\/tags?post=15683"}],"curies":[{"name":"wp","href":"https:\/\/api.w.org\/{rel}","templated":true}]}}