{"id":15686,"date":"2023-05-11T11:24:29","date_gmt":"2023-05-11T14:24:29","guid":{"rendered":"http:\/\/dgospel.com.br\/portal\/?p=15686"},"modified":"2023-05-11T11:26:29","modified_gmt":"2023-05-11T14:26:29","slug":"katia-abreu-pode-ganhar-cargo-em-banco-publico-katia-abreu-pode-ganhar-cargo-em-banco-publico-pavinatto-aceita-briga-com-felipe-neto-na-justica-lula-manda-retirar-grades-de-protec","status":"publish","type":"post","link":"https:\/\/dgospel.com.br\/portal\/index.php\/2023\/05\/11\/katia-abreu-pode-ganhar-cargo-em-banco-publico-katia-abreu-pode-ganhar-cargo-em-banco-publico-pavinatto-aceita-briga-com-felipe-neto-na-justica-lula-manda-retirar-grades-de-protec\/","title":{"rendered":"K\u00e1tia Abreu pode ganhar cargo em banco p\u00fablico;  \u201cVamos para cima\u201d, diz Nikolas sobre CPMI; Pavinatto \u201caceita\u201d briga com Felipe Neto na Justi\u00e7a; Lula manda retirar grades de prote\u00e7\u00e3o do Planalto"},"content":{"rendered":"\n<p><strong>K\u00e1tia Abreu pode ganhar cargo em banco p\u00fablico<\/strong><\/p>\n\n\n\n<p>A ex-senadora K\u00e1tia Abreu era cotada para assumir a vice-presid\u00eancia do Banco do Brasil. Mas o presidente Lula tem outros planos para a fiel aliada e pode empreg\u00e1-la em outro banco p\u00fablico.<\/p>\n\n\n\n<p>De acordo com o Metr\u00f3poles, K\u00e1tia pode se tornar conselheira de uma das empresas em que o Banco Nacional de Desenvolvimento Econ\u00f4mico e Social (BNDES) \u00e9 acionista.<\/p>\n\n\n\n<h1>\u201cVamos para cima\u201d, diz Nikolas sobre CPMI<\/h1>\n\n\n\n<p>O deputado federal&nbsp;<a href=\"http:\/\/pleno.news\/tag\/nikolas-ferreira\" target=\"_blank\" rel=\"noreferrer noopener\">Nikolas Ferreira<\/a>&nbsp;(PL-MG) comemorou, nesta ter\u00e7a-feira (9), a indica\u00e7\u00e3o de seu nome como um dos parlamentares do Partido Liberal (PL) na Comiss\u00e3o Parlamentar Mista de Inqu\u00e9rito (CPMI) dos atos do dia 8 de janeiro. A legenda definiu que o congressista mineiro ser\u00e1 um dos tr\u00eas suplentes da sigla no colegiado.<\/p>\n\n\n\n<p>\u2013 Vamos para cima. Ao trabalho \u2013 escreveu Nikolas nos stories do Instagram.<\/p>\n\n\n\n<h1>Pavinatto \u201caceita\u201d briga com Felipe Neto na Justi\u00e7a<\/h1>\n\n\n\n<p>Tiago Pavinatto reagiu ao \u201caviso\u201d dado por Felipe Neto de que iria acion\u00e1-lo por ter sido chamado de \u201cdelinquente\u201d. O apresentador do&nbsp;<em>Linha de Frente<\/em>, da Jovem Pan, mostrou que encara a Justi\u00e7a e chegou a dizer que o youtuber \u00e9 o \u201cintoc\u00e1vel do Conselh\u00e3o\u201d.<\/p>\n\n\n\n<p>Em publica\u00e7\u00e3o nas redes socais nesta ter\u00e7a-feira (9), Felipe Neto ainda criticou a Jovem Pan.<\/p>\n\n\n\n<h1>Lula manda retirar grades de prote\u00e7\u00e3o do Planalto<\/h1>\n\n\n\n<p>Lula (PT) solicitou ao Gabinete de Seguran\u00e7a Institucional (GSI) a remo\u00e7\u00e3o das grades met\u00e1licas que ficaram em frente ao Pal\u00e1cio do Planalto durante dez anos. De acordo com Paulo Pimenta (PT), ministro da Secom (Secretaria de Comunica\u00e7\u00e3o Social da Presid\u00eancia), o presidente considerou que a prote\u00e7\u00e3o n\u00e3o era mais necess\u00e1ria.<\/p>\n\n\n\n<p>\u201cO presidente Lula pediu a retirada das grades aqui e no Itamaraty. O momento que o pa\u00eds est\u00e1 vivendo n\u00e3o pode ter esse gradil. Ele j\u00e1 tinha essa vontade, esse desejo\u201d, afirmou Pimenta a jornalistas.<\/p>\n\n\n\n<h1>&nbsp;<\/h1>\n","protected":false},"excerpt":{"rendered":"<p>K\u00e1tia Abreu pode ganhar cargo em banco p\u00fablico A ex-senadora K\u00e1tia Abreu era cotada para assumir a vice-presid\u00eancia do Banco do Brasil. Mas o presidente Lula tem outros planos para a fiel aliada e pode empreg\u00e1-la em outro banco p\u00fablico. De acordo com o Metr\u00f3poles, K\u00e1tia pode se tornar conselheira de uma das empresas em [&hellip;]<\/p>\n","protected":false},"author":2,"featured_media":15598,"comment_status":"open","ping_status":"open","sticky":false,"template":"","format":"standard","meta":[],"categories":[11,12],"tags":[],"_links":{"self":[{"href":"https:\/\/dgospel.com.br\/portal\/index.php\/wp-json\/wp\/v2\/posts\/15686"}],"collection":[{"href":"https:\/\/dgospel.com.br\/portal\/index.php\/wp-json\/wp\/v2\/posts"}],"about":[{"href":"https:\/\/dgospel.com.br\/portal\/index.php\/wp-json\/wp\/v2\/types\/post"}],"author":[{"embeddable":true,"href":"https:\/\/dgospel.com.br\/portal\/index.php\/wp-json\/wp\/v2\/users\/2"}],"replies":[{"embeddable":true,"href":"https:\/\/dgospel.com.br\/portal\/index.php\/wp-json\/wp\/v2\/comments?post=15686"}],"version-history":[{"count":2,"href":"https:\/\/dgospel.com.br\/portal\/index.php\/wp-json\/wp\/v2\/posts\/15686\/revisions"}],"predecessor-version":[{"id":15689,"href":"https:\/\/dgospel.com.br\/portal\/index.php\/wp-json\/wp\/v2\/posts\/15686\/revisions\/15689"}],"wp:featuredmedia":[{"embeddable":true,"href":"https:\/\/dgospel.com.br\/portal\/index.php\/wp-json\/wp\/v2\/media\/15598"}],"wp:attachment":[{"href":"https:\/\/dgospel.com.br\/portal\/index.php\/wp-json\/wp\/v2\/media?parent=15686"}],"wp:term":[{"taxonomy":"category","embeddable":true,"href":"https:\/\/dgospel.com.br\/portal\/index.php\/wp-json\/wp\/v2\/categories?post=15686"},{"taxonomy":"post_tag","embeddable":true,"href":"https:\/\/dgospel.com.br\/portal\/index.php\/wp-json\/wp\/v2\/tags?post=15686"}],"curies":[{"name":"wp","href":"https:\/\/api.w.org\/{rel}","templated":true}]}}