{"id":15693,"date":"2023-05-11T11:53:17","date_gmt":"2023-05-11T14:53:17","guid":{"rendered":"http:\/\/dgospel.com.br\/portal\/?p=15693"},"modified":"2023-05-11T11:53:18","modified_gmt":"2023-05-11T14:53:18","slug":"lira-direita-e-favorita-para-vencer-eleicoes-em-2026","status":"publish","type":"post","link":"https:\/\/dgospel.com.br\/portal\/index.php\/2023\/05\/11\/lira-direita-e-favorita-para-vencer-eleicoes-em-2026\/","title":{"rendered":"Lira: direita \u00e9 favorita para vencer elei\u00e7\u00f5es em 2026"},"content":{"rendered":"\n<p>O presidente da&nbsp;<strong><a href=\"https:\/\/www.camara.leg.br\/\" target=\"_blank\" rel=\"noreferrer noopener\">C\u00e2mara dos Deputados<\/a><\/strong>, Arthur Lira (PP-AL) afirmou que candidatos de direita t\u00eam mais chances de vencer as elei\u00e7\u00f5es presidenciais em 2026, desde que cometam menos erros. A declara\u00e7\u00e3o do parlamentar foi dada durante encontro com empres\u00e1rios em Nova Iorque na quarta-feira 10.<\/p>\n\n\n\n<p>Para Lira, a possibilidade de o&nbsp;<strong><a href=\"https:\/\/revistaoeste.com\/?s=Tribunal+Superior+Eleitoral\" target=\"_blank\" rel=\"noreferrer noopener\">Tribunal Superior Eleitoral<\/a><\/strong>&nbsp;(TSE) tornar o ex-presidente&nbsp;<strong><a href=\"https:\/\/revistaoeste.com\/?s=Jair+Bolsonaro\" target=\"_blank\" rel=\"noreferrer noopener\">Jair Bolsonaro<\/a><\/strong>&nbsp;\u00e9 um equ\u00edvoco, pois pode permitir que outros candidatos ganhem for\u00e7a para vencer a disputa presidencial.<\/p>\n\n\n\n<p>\u201cA avalia\u00e7\u00e3o hoje da inelegibilidade do presidente Bolsonaro \u00e9 uma decis\u00e3o arriscada, porque n\u00f3s estamos a tr\u00eas anos e nove meses de uma elei\u00e7\u00e3o\u201d, observou Lira. \u201cD\u00e1 tempo de o&nbsp;<strong><a href=\"https:\/\/revistaoeste.com\/?s=Cl%C3%A1udio+Castro\" target=\"_blank\" rel=\"noreferrer noopener\">Cl\u00e1udio Castro<\/a><\/strong>&nbsp;ficar forte, o governador Zema ficar forte, de o governador Tarc\u00edsio ficar mais forte. Na minha concep\u00e7\u00e3o, menos chance de cometer erros do que o presidente Bolsonaro cometeu durante sua campanha.\u201d<\/p>\n\n\n\n<h2 id=\"h-fator-bolsonaro\"><strong>Fator Bolsonaro<\/strong><\/h2>\n\n\n\n<figure class=\"wp-block-image\"><img src=\"https:\/\/medias.revistaoeste.com\/qa-staging\/wp-content\/uploads\/2022\/10\/bolsonaro1-1024x613.jpg\" alt=\"em 2018\" class=\"wp-image-655904\"\/><figcaption>Presidente da Rep\u00fablica, Jair Bolsonaro, participa da cerim\u00f4nia de cumprimento aos Oficiais Generais promovidos<\/figcaption><\/figure>\n\n\n\n<p>Na avalia\u00e7\u00e3o do presidente da C\u00e2mara, o ex-presidente Bolsonaro tem mais potencial como eleitor do que como candidato presidencial em 2026. Para Lira, opositores da direita podem ter mais dificuldade na disputa caso a direita opte por aglutinar for\u00e7as.<\/p>\n\n\n\n<p>\u201cUm candidato de direita errando menos, com fortalecimento de uma base que existe no Brasil e o presidente Bolsonaro como eleitor, o quadro fica bastante desanimador para quem quiser disputar uma elei\u00e7\u00e3o em 2026\u201d, observou o presidente da C\u00e2mara.<\/p>\n","protected":false},"excerpt":{"rendered":"<p>O presidente da&nbsp;C\u00e2mara dos Deputados, Arthur Lira (PP-AL) afirmou que candidatos de direita t\u00eam mais chances de vencer as elei\u00e7\u00f5es presidenciais em 2026, desde que cometam menos erros. A declara\u00e7\u00e3o do parlamentar foi dada durante encontro com empres\u00e1rios em Nova Iorque na quarta-feira 10. Para Lira, a possibilidade de o&nbsp;Tribunal Superior Eleitoral&nbsp;(TSE) tornar o ex-presidente&nbsp;Jair [&hellip;]<\/p>\n","protected":false},"author":2,"featured_media":15694,"comment_status":"open","ping_status":"open","sticky":false,"template":"","format":"standard","meta":[],"categories":[4],"tags":[13],"_links":{"self":[{"href":"https:\/\/dgospel.com.br\/portal\/index.php\/wp-json\/wp\/v2\/posts\/15693"}],"collection":[{"href":"https:\/\/dgospel.com.br\/portal\/index.php\/wp-json\/wp\/v2\/posts"}],"about":[{"href":"https:\/\/dgospel.com.br\/portal\/index.php\/wp-json\/wp\/v2\/types\/post"}],"author":[{"embeddable":true,"href":"https:\/\/dgospel.com.br\/portal\/index.php\/wp-json\/wp\/v2\/users\/2"}],"replies":[{"embeddable":true,"href":"https:\/\/dgospel.com.br\/portal\/index.php\/wp-json\/wp\/v2\/comments?post=15693"}],"version-history":[{"count":1,"href":"https:\/\/dgospel.com.br\/portal\/index.php\/wp-json\/wp\/v2\/posts\/15693\/revisions"}],"predecessor-version":[{"id":15695,"href":"https:\/\/dgospel.com.br\/portal\/index.php\/wp-json\/wp\/v2\/posts\/15693\/revisions\/15695"}],"wp:featuredmedia":[{"embeddable":true,"href":"https:\/\/dgospel.com.br\/portal\/index.php\/wp-json\/wp\/v2\/media\/15694"}],"wp:attachment":[{"href":"https:\/\/dgospel.com.br\/portal\/index.php\/wp-json\/wp\/v2\/media?parent=15693"}],"wp:term":[{"taxonomy":"category","embeddable":true,"href":"https:\/\/dgospel.com.br\/portal\/index.php\/wp-json\/wp\/v2\/categories?post=15693"},{"taxonomy":"post_tag","embeddable":true,"href":"https:\/\/dgospel.com.br\/portal\/index.php\/wp-json\/wp\/v2\/tags?post=15693"}],"curies":[{"name":"wp","href":"https:\/\/api.w.org\/{rel}","templated":true}]}}