{"id":15704,"date":"2023-05-11T22:53:31","date_gmt":"2023-05-12T01:53:31","guid":{"rendered":"http:\/\/dgospel.com.br\/portal\/?p=15704"},"modified":"2023-05-11T22:53:33","modified_gmt":"2023-05-12T01:53:33","slug":"governo-do-tocantins-concede-mais-53-mil-progressoes-para-servidores","status":"publish","type":"post","link":"https:\/\/dgospel.com.br\/portal\/index.php\/2023\/05\/11\/governo-do-tocantins-concede-mais-53-mil-progressoes-para-servidores\/","title":{"rendered":"Governo do Tocantins concede mais 5,3 mil progress\u00f5es para servidores"},"content":{"rendered":"\n<p>O Governo do Tocantins, por meio da Secretaria de Estado da Administra\u00e7\u00e3o (Secad), publica nesta quinta-feira, 11, no Di\u00e1rio Oficial do Estado, 5.393 progress\u00f5es funcionais de servidores dos diversos quadros do poder Executivo estadual, que s\u00e3o referentes a quem adquiriu direito at\u00e9 dezembro de 2020.<\/p>\n\n\n\n<p>O governador Wanderlei Barbosa reitera o compromisso com os servidores e destaca o planejamento feito para manter em dia os direitos de todas as classes. \u201cEstamos trabalhando incansavelmente para que os direitos dos servidores sejam assegurados, nossa gest\u00e3o vem seguindo uma const\u00e2ncia de modo que todos os servidores sejam contemplados, obviamente, de forma respons\u00e1vel, prudente e dentro da Lei de Responsabilidade Fiscal, tudo isso gra\u00e7as ao planejamento do grupo gestor\u201d, frisa.<\/p>\n\n\n\n<p>O secret\u00e1rio de Estado da Administra\u00e7\u00e3o, Paulo C\u00e9sar Benfica Filho, destaca que todas as concess\u00f5es de progress\u00f5es funcionais, al\u00e9m de serem prova do compromisso do Governo do Tocantins com seus servidores, primam tamb\u00e9m pela responsabilidade fiscal no Governo.<\/p>\n\n\n\n<p>\u201cO governador Wanderlei Barbosa est\u00e1 determinado em preservar os direitos dos servidores p\u00fablicos e, com isso, garantir uma crescente qualidade nos servi\u00e7os prestados \u00e0 popula\u00e7\u00e3o tocantinense\u201d, afirma Paulo C\u00e9sar.<\/p>\n\n\n\n<p><strong>Progress\u00f5es<\/strong><\/p>\n\n\n\n<p>O compromisso do Governo com a implementa\u00e7\u00e3o das progress\u00f5es funcionais tem se mantido firme; com a publica\u00e7\u00e3o desta nova lista, ser\u00e3o contabilizadas 51.245 progress\u00f5es concedidas.<\/p>\n\n\n\n<p>Entre dezembro de 2021 e fevereiro de 2022, foram 7.622 progress\u00f5es concedidas; em abril de 2022, o quantitativo foi de 28.045; j\u00e1 no m\u00eas seguinte, maio, mais 5.310 progress\u00f5es foram garantidas; em junho de 2022, mais 4.875 servidores foram contemplados com o direito adquirido. S\u00e3o efetivos dos quadros da Educa\u00e7\u00e3o, da Pol\u00edcia Civil, da Sa\u00fade, da Adapec, do Naturatins, do Ruraltins, dentre outros.&nbsp;<\/p>\n\n\n\n<p><img src=\"https:\/\/central.to.gov.br\/image\/329269?w=670&amp;h=383\"><\/p>\n\n\n\n<p>\u201cO governador Wanderlei Barbosa est\u00e1 determinado em preservar os direitos dos servidores p\u00fablicos e, com isso, garantir uma crescente qualidade nos servi\u00e7os prestados \u00e0 popula\u00e7\u00e3o tocantinense\u201d, afirma Paulo C\u00e9sar &#8211; Angel Lima\/Governo do Tocantins&nbsp;<\/p>\n","protected":false},"excerpt":{"rendered":"<p>O Governo do Tocantins, por meio da Secretaria de Estado da Administra\u00e7\u00e3o (Secad), publica nesta quinta-feira, 11, no Di\u00e1rio Oficial do Estado, 5.393 progress\u00f5es funcionais de servidores dos diversos quadros do poder Executivo estadual, que s\u00e3o referentes a quem adquiriu direito at\u00e9 dezembro de 2020. O governador Wanderlei Barbosa reitera o compromisso com os servidores [&hellip;]<\/p>\n","protected":false},"author":2,"featured_media":15705,"comment_status":"open","ping_status":"open","sticky":false,"template":"","format":"standard","meta":[],"categories":[3],"tags":[13],"_links":{"self":[{"href":"https:\/\/dgospel.com.br\/portal\/index.php\/wp-json\/wp\/v2\/posts\/15704"}],"collection":[{"href":"https:\/\/dgospel.com.br\/portal\/index.php\/wp-json\/wp\/v2\/posts"}],"about":[{"href":"https:\/\/dgospel.com.br\/portal\/index.php\/wp-json\/wp\/v2\/types\/post"}],"author":[{"embeddable":true,"href":"https:\/\/dgospel.com.br\/portal\/index.php\/wp-json\/wp\/v2\/users\/2"}],"replies":[{"embeddable":true,"href":"https:\/\/dgospel.com.br\/portal\/index.php\/wp-json\/wp\/v2\/comments?post=15704"}],"version-history":[{"count":1,"href":"https:\/\/dgospel.com.br\/portal\/index.php\/wp-json\/wp\/v2\/posts\/15704\/revisions"}],"predecessor-version":[{"id":15706,"href":"https:\/\/dgospel.com.br\/portal\/index.php\/wp-json\/wp\/v2\/posts\/15704\/revisions\/15706"}],"wp:featuredmedia":[{"embeddable":true,"href":"https:\/\/dgospel.com.br\/portal\/index.php\/wp-json\/wp\/v2\/media\/15705"}],"wp:attachment":[{"href":"https:\/\/dgospel.com.br\/portal\/index.php\/wp-json\/wp\/v2\/media?parent=15704"}],"wp:term":[{"taxonomy":"category","embeddable":true,"href":"https:\/\/dgospel.com.br\/portal\/index.php\/wp-json\/wp\/v2\/categories?post=15704"},{"taxonomy":"post_tag","embeddable":true,"href":"https:\/\/dgospel.com.br\/portal\/index.php\/wp-json\/wp\/v2\/tags?post=15704"}],"curies":[{"name":"wp","href":"https:\/\/api.w.org\/{rel}","templated":true}]}}