{"id":15707,"date":"2023-05-13T16:00:11","date_gmt":"2023-05-13T19:00:11","guid":{"rendered":"http:\/\/dgospel.com.br\/portal\/?p=15707"},"modified":"2023-05-13T16:00:12","modified_gmt":"2023-05-13T19:00:12","slug":"leo-barbosa-realiza-festa-em-homenagem-ao-dia-das-maes-em-taquarucu","status":"publish","type":"post","link":"https:\/\/dgospel.com.br\/portal\/index.php\/2023\/05\/13\/leo-barbosa-realiza-festa-em-homenagem-ao-dia-das-maes-em-taquarucu\/","title":{"rendered":"L\u00e9o Barbosa realiza festa em homenagem ao Dia das M\u00e3es em Taquaru\u00e7u"},"content":{"rendered":"\n<p>Aconteceu na noite deste sexta-feira, 12, uma festa em comemora\u00e7\u00e3o ao Dia das M\u00e3es no Centro de Conviv\u00eancia Social de Taquaru\u00e7u. A festividade, que contou com a presen\u00e7a de mais de quinhentas m\u00e3es e seus filhos, foi organizada pelo deputado estadual L\u00e9o Barbosa (Republicanos) e pela sua esposa Allyne Castro.<\/p>\n\n\n\n<p>Durante a programa\u00e7\u00e3o do evento, houve apresenta\u00e7\u00f5es musicais dos integrantes do Projeto Veredas, da cantora Let\u00edcia e do m\u00fasico Maumau Sax. O evento tamb\u00e9m foi marcado com um momento de homenagens a 11 mulheres da comunidade, entre elas, muitas que chegaram ao distrito de Taquaru\u00e7u h\u00e1 quase 40 anos. A festa contou ainda com jantar e sorteio de brindes.<\/p>\n\n\n\n<p>De acordo com o parlamentar, o evento foi um momento de celebrar a vida das m\u00e3es e retribuir todo carinho e cuidado que elas t\u00eam com os seus filhos diariamente. \u201cEstou muito feliz em poder proporcionar este momento de confraterniza\u00e7\u00e3o para as m\u00e3es do meu Taquaru\u00e7u, principalmente por saber que mulheres que ajudaram a construir o distrito est\u00e3o sendo homenageadas em vida. Aqui \u00e9 lar de mulheres guerreiras, honradas e acolhedoras, que merecem todo o reconhecimento\u201d, ressaltou.<\/p>\n\n\n\n<p>A dona de casa Mironeide Lima Goes, 62 anos, \u00e9 moradora do distrito desde o final da d\u00e9cada de 90 e foi uma das matriarcas homenageadas da noite. Ela se emocionou ao falar dos filhos e agradeceu pelo reconhecimento e carinho. &#8220;Meus filhos s\u00e3o tudo para mim e estou muito feliz por receber esta homenagem t\u00e3o especial. Quero agradecer ao deputado L\u00e9o por esta comemora\u00e7\u00e3o linda\u201d, comentou Mironeide.<\/p>\n","protected":false},"excerpt":{"rendered":"<p>Aconteceu na noite deste sexta-feira, 12, uma festa em comemora\u00e7\u00e3o ao Dia das M\u00e3es no Centro de Conviv\u00eancia Social de Taquaru\u00e7u. A festividade, que contou com a presen\u00e7a de mais de quinhentas m\u00e3es e seus filhos, foi organizada pelo deputado estadual L\u00e9o Barbosa (Republicanos) e pela sua esposa Allyne Castro. Durante a programa\u00e7\u00e3o do evento, [&hellip;]<\/p>\n","protected":false},"author":2,"featured_media":15708,"comment_status":"open","ping_status":"open","sticky":false,"template":"","format":"standard","meta":[],"categories":[8],"tags":[13],"_links":{"self":[{"href":"https:\/\/dgospel.com.br\/portal\/index.php\/wp-json\/wp\/v2\/posts\/15707"}],"collection":[{"href":"https:\/\/dgospel.com.br\/portal\/index.php\/wp-json\/wp\/v2\/posts"}],"about":[{"href":"https:\/\/dgospel.com.br\/portal\/index.php\/wp-json\/wp\/v2\/types\/post"}],"author":[{"embeddable":true,"href":"https:\/\/dgospel.com.br\/portal\/index.php\/wp-json\/wp\/v2\/users\/2"}],"replies":[{"embeddable":true,"href":"https:\/\/dgospel.com.br\/portal\/index.php\/wp-json\/wp\/v2\/comments?post=15707"}],"version-history":[{"count":1,"href":"https:\/\/dgospel.com.br\/portal\/index.php\/wp-json\/wp\/v2\/posts\/15707\/revisions"}],"predecessor-version":[{"id":15709,"href":"https:\/\/dgospel.com.br\/portal\/index.php\/wp-json\/wp\/v2\/posts\/15707\/revisions\/15709"}],"wp:featuredmedia":[{"embeddable":true,"href":"https:\/\/dgospel.com.br\/portal\/index.php\/wp-json\/wp\/v2\/media\/15708"}],"wp:attachment":[{"href":"https:\/\/dgospel.com.br\/portal\/index.php\/wp-json\/wp\/v2\/media?parent=15707"}],"wp:term":[{"taxonomy":"category","embeddable":true,"href":"https:\/\/dgospel.com.br\/portal\/index.php\/wp-json\/wp\/v2\/categories?post=15707"},{"taxonomy":"post_tag","embeddable":true,"href":"https:\/\/dgospel.com.br\/portal\/index.php\/wp-json\/wp\/v2\/tags?post=15707"}],"curies":[{"name":"wp","href":"https:\/\/api.w.org\/{rel}","templated":true}]}}