{"id":15710,"date":"2023-05-13T16:02:54","date_gmt":"2023-05-13T19:02:54","guid":{"rendered":"http:\/\/dgospel.com.br\/portal\/?p=15710"},"modified":"2023-05-13T16:02:55","modified_gmt":"2023-05-13T19:02:55","slug":"ditadura-nicaragua-cassa-licenca-de-25-advogados-de-oposicao","status":"publish","type":"post","link":"https:\/\/dgospel.com.br\/portal\/index.php\/2023\/05\/13\/ditadura-nicaragua-cassa-licenca-de-25-advogados-de-oposicao\/","title":{"rendered":"Ditadura: Nicar\u00e1gua cassa licen\u00e7a de 25 advogados de oposi\u00e7\u00e3o"},"content":{"rendered":"\n<p>Advogados da Nicar\u00e1gua suspensos de forma definitiva pela Suprema Corte de Justi\u00e7a do pa\u00eds, sob as alega\u00e7\u00f5es de que tiveram a nacionalidade cassada \u201ce s\u00e3o traidores da p\u00e1tria\u201d, criticaram nesta sexta-feira (12) a perda do direito de exercer a profiss\u00e3o.<\/p>\n\n\n\n<p>Na quinta-feira, a Suprema Corte, controlada pelos governistas sandinistas, suspendeu a licen\u00e7a de 25 advogados, incluindo o premiado escritor Sergio Ram\u00edrez, a veterana defensora dos direitos humanos Vilma N\u00fa\u00f1ez e o ex-juiz Rafael Sol\u00eds.<\/p>\n\n\n\n<p>O advogado Roger Reyes, defensor do ex-candidato \u00e0 presid\u00eancia F\u00e9lix Maradiaga e um dos afetados pela medida, afirmou que o cancelamento de uma profiss\u00e3o e de um t\u00edtulo est\u00e1 \u201clonge de qualquer realidade legal\u201d.<\/p>\n\n\n\n<p>\u2013 Eles tiraram tudo de n\u00f3s. Pe\u00e7o a Deus que o \u00f3dio n\u00e3o tome conta de mim. N\u00e3o serei a mesma que aqueles que querem me destruir hoje. Serei advogada e nicaraguense at\u00e9 o \u00faltimo dia de minha vida. Voc\u00eas est\u00e3o perdendo seu tempo \u2013 comentou a defensora de direitos humanos Mar\u00eda Oviedo.<\/p>\n\n\n\n<p>\u2013 O presidente Daniel Ortega v\u00ea todos n\u00f3s como inimigos, eles podem tirar meu diploma (de advogado e tabeli\u00e3o), mas n\u00e3o o que eu sei \u2013 disse o pol\u00edtico da oposi\u00e7\u00e3o Eliseo N\u00fa\u00f1ez.<\/p>\n\n\n\n<p>A l\u00edder da oposi\u00e7\u00e3o Ana Margarita Vijil, a quem o governo da Espanha concedeu nacionalidade espanhola, disse que foi dormir nesta sexta com a not\u00edcia de que a Suprema Corte havia decidido cancelar seu diploma de direito.<\/p>\n\n\n\n<p>\u2013 Hoje acordei com a not\u00edcia de que o governo espanhol tinha aprovado meu pedido de nacionalidade espanhola, uma not\u00edcia dif\u00edcil, uma (outra) not\u00edcia que d\u00e1 esperan\u00e7a \u2013 disse Vijil em v\u00eddeo publicado em suas redes sociais.<\/p>\n\n\n\n<p>A ativista e ambientalista M\u00f3nica L\u00f3pez Baltodano, filha dos ex-guerrilheiros sandinistas Julio L\u00f3pez Campos e M\u00f3nica Baltodano, afirmou que, mesmo que tentem impedi-la de exercer sua profiss\u00e3o, n\u00e3o poder\u00e3o fazer desaparecer seus tr\u00eas livros, nos quais ela fiscaliza as autoridades.<\/p>\n\n\n\n<p>A Nicar\u00e1gua vive uma crise pol\u00edtica e social desde abril de 2018, que se acentuou ap\u00f3s as pol\u00eamicas elei\u00e7\u00f5es gerais de 7 de novembro de 2021, nas quais Ortega foi reeleito para um quinto mandato, al\u00e9m de quarto consecutivo e segundo com sua esposa, Rosario Murillo, como vice-presidente, enquanto seus principais concorrentes foram presos ou se exilaram.<\/p>\n\n\n\n<p>*EFE<\/p>\n","protected":false},"excerpt":{"rendered":"<p>Advogados da Nicar\u00e1gua suspensos de forma definitiva pela Suprema Corte de Justi\u00e7a do pa\u00eds, sob as alega\u00e7\u00f5es de que tiveram a nacionalidade cassada \u201ce s\u00e3o traidores da p\u00e1tria\u201d, criticaram nesta sexta-feira (12) a perda do direito de exercer a profiss\u00e3o. Na quinta-feira, a Suprema Corte, controlada pelos governistas sandinistas, suspendeu a licen\u00e7a de 25 advogados, [&hellip;]<\/p>\n","protected":false},"author":2,"featured_media":15711,"comment_status":"open","ping_status":"open","sticky":false,"template":"","format":"standard","meta":[],"categories":[16],"tags":[],"_links":{"self":[{"href":"https:\/\/dgospel.com.br\/portal\/index.php\/wp-json\/wp\/v2\/posts\/15710"}],"collection":[{"href":"https:\/\/dgospel.com.br\/portal\/index.php\/wp-json\/wp\/v2\/posts"}],"about":[{"href":"https:\/\/dgospel.com.br\/portal\/index.php\/wp-json\/wp\/v2\/types\/post"}],"author":[{"embeddable":true,"href":"https:\/\/dgospel.com.br\/portal\/index.php\/wp-json\/wp\/v2\/users\/2"}],"replies":[{"embeddable":true,"href":"https:\/\/dgospel.com.br\/portal\/index.php\/wp-json\/wp\/v2\/comments?post=15710"}],"version-history":[{"count":1,"href":"https:\/\/dgospel.com.br\/portal\/index.php\/wp-json\/wp\/v2\/posts\/15710\/revisions"}],"predecessor-version":[{"id":15712,"href":"https:\/\/dgospel.com.br\/portal\/index.php\/wp-json\/wp\/v2\/posts\/15710\/revisions\/15712"}],"wp:featuredmedia":[{"embeddable":true,"href":"https:\/\/dgospel.com.br\/portal\/index.php\/wp-json\/wp\/v2\/media\/15711"}],"wp:attachment":[{"href":"https:\/\/dgospel.com.br\/portal\/index.php\/wp-json\/wp\/v2\/media?parent=15710"}],"wp:term":[{"taxonomy":"category","embeddable":true,"href":"https:\/\/dgospel.com.br\/portal\/index.php\/wp-json\/wp\/v2\/categories?post=15710"},{"taxonomy":"post_tag","embeddable":true,"href":"https:\/\/dgospel.com.br\/portal\/index.php\/wp-json\/wp\/v2\/tags?post=15710"}],"curies":[{"name":"wp","href":"https:\/\/api.w.org\/{rel}","templated":true}]}}