{"id":15716,"date":"2023-05-13T16:07:11","date_gmt":"2023-05-13T19:07:11","guid":{"rendered":"http:\/\/dgospel.com.br\/portal\/?p=15716"},"modified":"2023-05-13T16:07:12","modified_gmt":"2023-05-13T19:07:12","slug":"malafaia-rebate-materia-que-fala-sobre-traficantes-evangelicos","status":"publish","type":"post","link":"https:\/\/dgospel.com.br\/portal\/index.php\/2023\/05\/13\/malafaia-rebate-materia-que-fala-sobre-traficantes-evangelicos\/","title":{"rendered":"Malafaia rebate mat\u00e9ria que fala sobre \u201cTraficantes evang\u00e9licos\u201d"},"content":{"rendered":"\n<p>O pastor Silas Malafaia usou suas m\u00eddias sociais, nesta sexta-feira (12), para se posicionar com veem\u00eancia contra uma reportagem de autoria da BBC Brasil, publicada na p\u00e1gina do site de not\u00edcias da Globo, G1, a qual o religioso atribui ao jornal O Globo. A mat\u00e9ria traz no t\u00edtulo uma associa\u00e7\u00e3o direta entre traficantes e evang\u00e9licos pentecostais, utilizando o termo \u201cnarcopentecostalismo\u201d.<\/p>\n\n\n\n<p>\u2013 \u2018Narcopentecostalismo\u2019: traficantes evang\u00e9licos usam religi\u00e3o na briga por territ\u00f3rios no Rio \u2013 diz a manchete.<\/p>\n\n\n\n<p>A reportagem, em seu subt\u00edtulo, fala sobre o \u201csurgimento de traficantes que se declaram evang\u00e9licos\u201d e \u201ca forma como isso influencia a atua\u00e7\u00e3o das fac\u00e7\u00f5es na disputa por territ\u00f3rios no Rio de Janeiro\u201d. O texto afirma que \u201ca religi\u00e3o (evang\u00e9lica) tamb\u00e9m tem um papel estrat\u00e9gico para manuten\u00e7\u00e3o do poder e na disputa por territ\u00f3rios\u201d, atribuindo \u00e0 f\u00e9 de milh\u00f5es de pessoas uma pr\u00e1tica criminosa que n\u00e3o tem qualquer rela\u00e7\u00e3o com a liturgia religiosa.<\/p>\n\n\n\n<p>Diante desta pol\u00eamica, o pastor Silas Malafaia se manifestou criticando a cria\u00e7\u00e3o jornal\u00edstica e recha\u00e7ando qualquer rela\u00e7\u00e3o entre pr\u00e1ticas criminosas e a f\u00e9 evang\u00e9lica, empreendida pela reportagem.<\/p>\n\n\n\n<p>\u2013 (\u2026) Tentar vincular evang\u00e9licos com o narcotr\u00e1fico, \u00e9 um absurdo! (\u2026) Fica aqui o meu protesto! Preconceito bandido e canalha desse jornalismo mentiroso \u2013 disparou o presidente da Assembleia de Deus Vit\u00f3ria em Cristo.<\/p>\n\n\n\n<p><\/p>\n","protected":false},"excerpt":{"rendered":"<p>O pastor Silas Malafaia usou suas m\u00eddias sociais, nesta sexta-feira (12), para se posicionar com veem\u00eancia contra uma reportagem de autoria da BBC Brasil, publicada na p\u00e1gina do site de not\u00edcias da Globo, G1, a qual o religioso atribui ao jornal O Globo. A mat\u00e9ria traz no t\u00edtulo uma associa\u00e7\u00e3o direta entre traficantes e evang\u00e9licos [&hellip;]<\/p>\n","protected":false},"author":2,"featured_media":15717,"comment_status":"open","ping_status":"open","sticky":false,"template":"","format":"standard","meta":[],"categories":[5],"tags":[],"_links":{"self":[{"href":"https:\/\/dgospel.com.br\/portal\/index.php\/wp-json\/wp\/v2\/posts\/15716"}],"collection":[{"href":"https:\/\/dgospel.com.br\/portal\/index.php\/wp-json\/wp\/v2\/posts"}],"about":[{"href":"https:\/\/dgospel.com.br\/portal\/index.php\/wp-json\/wp\/v2\/types\/post"}],"author":[{"embeddable":true,"href":"https:\/\/dgospel.com.br\/portal\/index.php\/wp-json\/wp\/v2\/users\/2"}],"replies":[{"embeddable":true,"href":"https:\/\/dgospel.com.br\/portal\/index.php\/wp-json\/wp\/v2\/comments?post=15716"}],"version-history":[{"count":1,"href":"https:\/\/dgospel.com.br\/portal\/index.php\/wp-json\/wp\/v2\/posts\/15716\/revisions"}],"predecessor-version":[{"id":15718,"href":"https:\/\/dgospel.com.br\/portal\/index.php\/wp-json\/wp\/v2\/posts\/15716\/revisions\/15718"}],"wp:featuredmedia":[{"embeddable":true,"href":"https:\/\/dgospel.com.br\/portal\/index.php\/wp-json\/wp\/v2\/media\/15717"}],"wp:attachment":[{"href":"https:\/\/dgospel.com.br\/portal\/index.php\/wp-json\/wp\/v2\/media?parent=15716"}],"wp:term":[{"taxonomy":"category","embeddable":true,"href":"https:\/\/dgospel.com.br\/portal\/index.php\/wp-json\/wp\/v2\/categories?post=15716"},{"taxonomy":"post_tag","embeddable":true,"href":"https:\/\/dgospel.com.br\/portal\/index.php\/wp-json\/wp\/v2\/tags?post=15716"}],"curies":[{"name":"wp","href":"https:\/\/api.w.org\/{rel}","templated":true}]}}