{"id":15719,"date":"2023-05-15T15:33:52","date_gmt":"2023-05-15T18:33:52","guid":{"rendered":"http:\/\/dgospel.com.br\/portal\/?p=15719"},"modified":"2023-05-15T15:33:53","modified_gmt":"2023-05-15T18:33:53","slug":"congresso-deve-instalar-4-cpis-nesta-semana","status":"publish","type":"post","link":"https:\/\/dgospel.com.br\/portal\/index.php\/2023\/05\/15\/congresso-deve-instalar-4-cpis-nesta-semana\/","title":{"rendered":"Congresso deve instalar 4 CPIs nesta semana"},"content":{"rendered":"\n<p>Ao todo, nesta semana, o Congresso deve instalar quatro Comiss\u00f5es Parlamentares de Inqu\u00e9ritos (CPIs) na Casa. Na ter\u00e7a-feira 16, o presidente da C\u00e2mara dos Deputados,&nbsp;<strong><a href=\"https:\/\/twitter.com\/ArthurLira_\" target=\"_blank\" rel=\"noreferrer noopener\">Arthur Lira<\/a><\/strong>&nbsp;(PP-AL), pretende instaurar a CPI do&nbsp;<strong><a href=\"https:\/\/revistaoeste.com\/no-ponto\/oposicao-ja-tem-nomes-para-cpi-do-mst\/\" target=\"_blank\" rel=\"noreferrer noopener\">Movimento dos Trabalhadores Sem Terra (MST)<\/a><\/strong>, a&nbsp;<strong><a href=\"https:\/\/revistaoeste.com\/no-ponto\/lira-deve-instalar-cpi-das-apostas-na-proxima-semana\/\" target=\"_blank\" rel=\"noreferrer noopener\">CPI das Apostas&nbsp;<\/a><\/strong>e a&nbsp;<strong><a href=\"https:\/\/revistaoeste.com\/economia\/deputado-consegue-assinaturas-para-abrir-cpi-da-americanas\/\" target=\"_blank\" rel=\"noreferrer noopener\">CPI da Americanas<\/a><\/strong>.<\/p>\n\n\n\n<p>J\u00e1 na quarta-feira 17, o presidente do Senado, Rodrigo Pacheco (PSD-MG), deve instalar a Comiss\u00e3o Parlamentar Mista de Inqu\u00e9rito (CPMI) do 8 de janeiro. O ato depende das indica\u00e7\u00f5es dos membros por partes dos l\u00edderes.&nbsp;<strong><a href=\"https:\/\/revistaoeste.com\/no-ponto\/governo-tenta-atrasar-cpmi-pela-ultima-vez\/\" target=\"_blank\" rel=\"noreferrer noopener\">Entre as quatro comiss\u00f5es, a CPMI do 8 de janeiro \u00e9 a que o governo mais teme<\/a><\/strong>.<\/p>\n\n\n\n<p>O motivo \u00e9 simples, a gest\u00e3o petista parece n\u00e3o estar mais t\u00e3o \u201cinteressada\u201d na investiga\u00e7\u00e3o e enrola para indicar os nomes que v\u00e3o compor o colegiado.&nbsp;<strong><a href=\"https:\/\/revistaoeste.com\/no-ponto\/de-moro-a-alcolumbre-confira-mais-nomes-da-cpmi-do-8-de-janeiro\/\" target=\"_blank\" rel=\"noreferrer noopener\">A maioria dos blocos e dos partidos j\u00e1 indicou ou sinalizou os parlamentares que far\u00e3o parte da CPMI<\/a><\/strong>, menos o Bloco Resist\u00eancia Democr\u00e1tica \u2014 composto de partidos que s\u00e3o base do governo petista.<\/p>\n\n\n\n<p>Nos bastidores, os partidos mais ligados \u00e0 base governista est\u00e3o articulando com Pacheco sobre a instala\u00e7\u00e3o da CPMI. Inicialmente, o l\u00edder do governo no Congresso, o senador Randolfe Rodrigues (Rede-AP), disse que a instaura\u00e7\u00e3o do colegiado aconteceria nesta semana.<\/p>\n\n\n\n<p>Em entrevista ao&nbsp;<em>Jornal Gente<\/em>, da BandNews, nesta segunda-feira, 15, o presidente da C\u00e2mara destacou a import\u00e2ncia de o Congresso \u201cse posicionar\u201d e de os partidos indicarem os nomes que v\u00e3o compor a comiss\u00e3o.<\/p>\n","protected":false},"excerpt":{"rendered":"<p>Ao todo, nesta semana, o Congresso deve instalar quatro Comiss\u00f5es Parlamentares de Inqu\u00e9ritos (CPIs) na Casa. Na ter\u00e7a-feira 16, o presidente da C\u00e2mara dos Deputados,&nbsp;Arthur Lira&nbsp;(PP-AL), pretende instaurar a CPI do&nbsp;Movimento dos Trabalhadores Sem Terra (MST), a&nbsp;CPI das Apostas&nbsp;e a&nbsp;CPI da Americanas. J\u00e1 na quarta-feira 17, o presidente do Senado, Rodrigo Pacheco (PSD-MG), deve instalar [&hellip;]<\/p>\n","protected":false},"author":2,"featured_media":15720,"comment_status":"open","ping_status":"open","sticky":false,"template":"","format":"standard","meta":[],"categories":[8],"tags":[13],"_links":{"self":[{"href":"https:\/\/dgospel.com.br\/portal\/index.php\/wp-json\/wp\/v2\/posts\/15719"}],"collection":[{"href":"https:\/\/dgospel.com.br\/portal\/index.php\/wp-json\/wp\/v2\/posts"}],"about":[{"href":"https:\/\/dgospel.com.br\/portal\/index.php\/wp-json\/wp\/v2\/types\/post"}],"author":[{"embeddable":true,"href":"https:\/\/dgospel.com.br\/portal\/index.php\/wp-json\/wp\/v2\/users\/2"}],"replies":[{"embeddable":true,"href":"https:\/\/dgospel.com.br\/portal\/index.php\/wp-json\/wp\/v2\/comments?post=15719"}],"version-history":[{"count":1,"href":"https:\/\/dgospel.com.br\/portal\/index.php\/wp-json\/wp\/v2\/posts\/15719\/revisions"}],"predecessor-version":[{"id":15721,"href":"https:\/\/dgospel.com.br\/portal\/index.php\/wp-json\/wp\/v2\/posts\/15719\/revisions\/15721"}],"wp:featuredmedia":[{"embeddable":true,"href":"https:\/\/dgospel.com.br\/portal\/index.php\/wp-json\/wp\/v2\/media\/15720"}],"wp:attachment":[{"href":"https:\/\/dgospel.com.br\/portal\/index.php\/wp-json\/wp\/v2\/media?parent=15719"}],"wp:term":[{"taxonomy":"category","embeddable":true,"href":"https:\/\/dgospel.com.br\/portal\/index.php\/wp-json\/wp\/v2\/categories?post=15719"},{"taxonomy":"post_tag","embeddable":true,"href":"https:\/\/dgospel.com.br\/portal\/index.php\/wp-json\/wp\/v2\/tags?post=15719"}],"curies":[{"name":"wp","href":"https:\/\/api.w.org\/{rel}","templated":true}]}}