{"id":15722,"date":"2023-05-15T15:53:31","date_gmt":"2023-05-15T18:53:31","guid":{"rendered":"http:\/\/dgospel.com.br\/portal\/?p=15722"},"modified":"2023-05-15T15:53:33","modified_gmt":"2023-05-15T18:53:33","slug":"ex-socio-de-reu-confesso-da-lava-jato-pode-chefiar-departamento-juridico-da-petrobras","status":"publish","type":"post","link":"https:\/\/dgospel.com.br\/portal\/index.php\/2023\/05\/15\/ex-socio-de-reu-confesso-da-lava-jato-pode-chefiar-departamento-juridico-da-petrobras\/","title":{"rendered":"Ex-s\u00f3cio de r\u00e9u confesso da Lava Jato pode chefiar Departamento Jur\u00eddico da Petrobras"},"content":{"rendered":"\n<p>O advogado Marcelo de Oliveira Mello, ex-s\u00f3cio de Nestor Cerver\u00f3, ex-diretor da Petrobras e r\u00e9u confesso na&nbsp;<strong><a href=\"https:\/\/www.mpf.mp.br\/grandes-casos\/lava-jato\" target=\"_blank\" rel=\"noreferrer noopener\">Opera\u00e7\u00e3o Lava Jato<\/a><\/strong>, pode ser contratado para chefiar o Departamento Jur\u00eddico da estatal. Segundo o jornal&nbsp;<em>O Globo<\/em>, a companhia confirmou que o \u201cprocesso de ingresso est\u00e1 em andamento\u201d e que \u201cpossui um robusto sistema de avalia\u00e7\u00e3o para ingressos dos seus executivos\u201d.<\/p>\n\n\n\n<p>Segundo&nbsp;<em>O Globo<\/em>, o advogado j\u00e1 trabalhou na Petrobras. Em 2015, Mello admitiu \u00e0 Pol\u00edcia Federal que ajudou Cerver\u00f3, ex-diretor da \u00c1rea Internacional da Petrobras, a abrir uma filial da empresa Jolmey, usada, segundo as investiga\u00e7\u00f5es da Lava Jato, para lavagem de dinheiro.<\/p>\n\n\n\n<p>Com a empresa aberta em 2008, Mello foi registrado formalmente como s\u00f3cio minorit\u00e1rio do bra\u00e7o brasileiro da&nbsp;<em>offshore<\/em>&nbsp;Jolmey, sediada no Uruguai, ent\u00e3o considerado um \u201cpara\u00edso fiscal\u201d para os brasileiros.<\/p>\n\n\n\n<h2 id=\"h-ex-diretor-da-petrobras-foi-condenado-por-corrupcao-e-lavagem-de-dinheiro\">Ex-diretor da Petrobras foi condenado por corrup\u00e7\u00e3o e lavagem de dinheiro<\/h2>\n\n\n\n<figure class=\"wp-block-image\"><img src=\"https:\/\/medias.revistaoeste.com\/qa-staging\/wp-content\/uploads\/2022\/05\/14227453506-45b5ab0309-c.jpg\" alt=\"Ex-diretor internacional da Petrobras Nestor Cerver\u00f3\" class=\"wp-image-567338\"\/><figcaption>Ex-diretor internacional da Petrobras Nestor Cerver\u00f3 | Foto: Geraldo Magela\/Ag\u00eancia Senado<\/figcaption><\/figure>\n\n\n\n<p>Cerver\u00f3, r\u00e9u confesso da Lava Jato, foi preso em 2015, sob acusa\u00e7\u00e3o de corrup\u00e7\u00e3o na Petrobras e lavagem de dinheiro recebido como propina. Foi condenado a mais de 27 anos de pris\u00e3o, mas, em raz\u00e3o dos acordos de dela\u00e7\u00e3o premiada, acabou obtendo o benef\u00edcio da pris\u00e3o domiciliar.<\/p>\n\n\n\n<p>O ex-juiz da Lava Jato e hoje senador\u00a0<strong><a rel=\"noreferrer noopener\" href=\"https:\/\/revistaoeste.com\/tag\/sergio-moro\/\" target=\"_blank\">Sergio Moro<\/a><\/strong>\u00a0(Uni\u00e3o-PR) disse que ir\u00e1 reagir a essa poss\u00edvel contrata\u00e7\u00e3o. \u201cEssa not\u00edcia \u00e9 t\u00e3o surpreendente que imaginei, em um primeiro momento, ser\u00a0<em>fake news<\/em>. Mas a\u00ed lembrei que no Brasil do avesso do governo Lula esse \u00e9 o novo normal. No Senado, vamos reagir\u201d, escreveu, em seu perfil no Twitter.<\/p>\n","protected":false},"excerpt":{"rendered":"<p>O advogado Marcelo de Oliveira Mello, ex-s\u00f3cio de Nestor Cerver\u00f3, ex-diretor da Petrobras e r\u00e9u confesso na&nbsp;Opera\u00e7\u00e3o Lava Jato, pode ser contratado para chefiar o Departamento Jur\u00eddico da estatal. Segundo o jornal&nbsp;O Globo, a companhia confirmou que o \u201cprocesso de ingresso est\u00e1 em andamento\u201d e que \u201cpossui um robusto sistema de avalia\u00e7\u00e3o para ingressos dos [&hellip;]<\/p>\n","protected":false},"author":2,"featured_media":15723,"comment_status":"open","ping_status":"open","sticky":false,"template":"","format":"standard","meta":[],"categories":[10],"tags":[],"_links":{"self":[{"href":"https:\/\/dgospel.com.br\/portal\/index.php\/wp-json\/wp\/v2\/posts\/15722"}],"collection":[{"href":"https:\/\/dgospel.com.br\/portal\/index.php\/wp-json\/wp\/v2\/posts"}],"about":[{"href":"https:\/\/dgospel.com.br\/portal\/index.php\/wp-json\/wp\/v2\/types\/post"}],"author":[{"embeddable":true,"href":"https:\/\/dgospel.com.br\/portal\/index.php\/wp-json\/wp\/v2\/users\/2"}],"replies":[{"embeddable":true,"href":"https:\/\/dgospel.com.br\/portal\/index.php\/wp-json\/wp\/v2\/comments?post=15722"}],"version-history":[{"count":1,"href":"https:\/\/dgospel.com.br\/portal\/index.php\/wp-json\/wp\/v2\/posts\/15722\/revisions"}],"predecessor-version":[{"id":15724,"href":"https:\/\/dgospel.com.br\/portal\/index.php\/wp-json\/wp\/v2\/posts\/15722\/revisions\/15724"}],"wp:featuredmedia":[{"embeddable":true,"href":"https:\/\/dgospel.com.br\/portal\/index.php\/wp-json\/wp\/v2\/media\/15723"}],"wp:attachment":[{"href":"https:\/\/dgospel.com.br\/portal\/index.php\/wp-json\/wp\/v2\/media?parent=15722"}],"wp:term":[{"taxonomy":"category","embeddable":true,"href":"https:\/\/dgospel.com.br\/portal\/index.php\/wp-json\/wp\/v2\/categories?post=15722"},{"taxonomy":"post_tag","embeddable":true,"href":"https:\/\/dgospel.com.br\/portal\/index.php\/wp-json\/wp\/v2\/tags?post=15722"}],"curies":[{"name":"wp","href":"https:\/\/api.w.org\/{rel}","templated":true}]}}