{"id":15728,"date":"2023-05-15T16:33:36","date_gmt":"2023-05-15T19:33:36","guid":{"rendered":"http:\/\/dgospel.com.br\/portal\/?p=15728"},"modified":"2023-05-15T16:33:38","modified_gmt":"2023-05-15T19:33:38","slug":"maior-feira-agrotecnologica-do-norte-brasileiro-agrotins-recebe-ultimos-detalhes-para-sua-23a-edicao-que-comeca-nesta-terca-16","status":"publish","type":"post","link":"https:\/\/dgospel.com.br\/portal\/index.php\/2023\/05\/15\/maior-feira-agrotecnologica-do-norte-brasileiro-agrotins-recebe-ultimos-detalhes-para-sua-23a-edicao-que-comeca-nesta-terca-16\/","title":{"rendered":"Maior feira agrotecnol\u00f3gica do norte brasileiro, Agrotins recebe \u00faltimos detalhes para sua 23\u00aa edi\u00e7\u00e3o que come\u00e7a nesta ter\u00e7a, 16"},"content":{"rendered":"\n<p>Com a contagem regressiva para a abertura da Feira de Tecnologia Agropecu\u00e1ria do Tocantins (Agrotins 2023), que ocorre nesta ter\u00e7a-feira, 16, os \u00faltimos preparativos est\u00e3o em pleno vapor no Parque Agrotecnol\u00f3gico Engenheiro Agr\u00f4nomo Mauro Medanha, na zona rural de Palmas. O evento, que se consagrou como a maior Feira de tecnologia agropecu\u00e1ria da regi\u00e3o Norte do pa\u00eds, promete trazer oportunidades para o setor agropecu\u00e1rio. Produtores rurais, empres\u00e1rios e especialistas se re\u00fanem para compartilhar conhecimento, apresentar inova\u00e7\u00f5es e discutir os desafios enfrentados no campo.<\/p>\n\n\n\n<p>As estruturas de estandes e pavilh\u00f5es j\u00e1 est\u00e3o passando pelos detalhes finais para receberem cerca de 150 mil pessoas durante a realiza\u00e7\u00e3o do evento, que ocorre entre os dias 16 e 20 de maio. Para garantir o sucesso da Feira, os trabalhadores est\u00e3o no local dedicando-se intensamente na infraestrutura de mais de 850 expositores. O espa\u00e7o f\u00edsico foi pensado para abranger ainda audit\u00f3rios, restaurantes, \u00e1rea de exposi\u00e7\u00f5es de animais, dentre outros.<br><br>O diretor de Agricultura e Pecu\u00e1ria e Agroneg\u00f3cio, da Secretaria de Estado da Agricultura e Pecu\u00e1ria (Seagro), Jos\u00e9 Am\u00e9rico Vasconcelos, afirma que ser\u00e3o expostos mais de 400 animais, entre bovinos, equinos e ovinos. Segundo o diretor, o espa\u00e7o j\u00e1 est\u00e1 pronto e, no decorrer do dia, os animais estar\u00e3o abrigados e prontos para a exposi\u00e7\u00e3o. \u201cJ\u00e1 estamos na fase final da organiza\u00e7\u00e3o, passando praticamente a maquiagem para que tudo esteja pronto para os visitantes. Hoje, est\u00e3o chegando os \u00faltimos expositores e todos os animais\u201d, pontuou Am\u00e9rico Vasconcelos.<\/p>\n\n\n\n<p>A Agrotins 2023 tamb\u00e9m ter\u00e1 uma \u00e1rea dedicada \u00e0 agricultura familiar, visando fortalecer esse segmento t\u00e3o importante para o desenvolvimento regional. O estande reservado para agricultores familiares vai oferecer todo suporte necess\u00e1rio para potencializar a produ\u00e7\u00e3o no Estado, onde ser\u00e3o ofertados servi\u00e7os como linha de cr\u00e9dito banc\u00e1rio, venda de maquin\u00e1rio, assessoria e mais. O diretor da Agricultura Familiar da Seagro, Geilson Barbosa, comentou como o trabalho foi desenvolvido at\u00e9 chegar na etapa final. \u201cEstamos trabalhando incansavelmente, dia e noite para que, agora, possamos receber o agricultor com todo o conforto. O nosso espa\u00e7o foi pensado para oferecer tudo que for necess\u00e1rio para o agricultor, temos certeza de que ser\u00e1 uma \u00f3tima feira\u201d, destacou.<\/p>\n\n\n\n<p>A Agrotins \u00e9 uma excelente oportunidade para neg\u00f3cios no setor agro e o Edemar Oliveira J\u00fanior conhece bem a import\u00e2ncia dela para o ramo. Participando pela segunda vez da Agrotins, ele que \u00e9 supervisor regional de uma empresa de controle biol\u00f3gico, que j\u00e1 conta com o estande totalmente pronto para receber o p\u00fablico. \u201cEste ano, estamos trazendo muita coisa nova. Nossa expectativa \u00e9 grande em rela\u00e7\u00e3o \u00e0 feira, pois, no ano passado, tivemos muitos neg\u00f3cios e a ideia \u00e9 que a gente consiga dobrar o faturamento\u201d, comentou.<\/p>\n\n\n\n<p><em><strong>Compliance no Agro<\/strong><\/em><br><br>A Agrotins 2023 vai trabalhar o tema&nbsp;<em>Compliance no Agro<\/em>, que inova ao estimular a produ\u00e7\u00e3o em conformidade com as normas que regulamentam o setor, visando uma produ\u00e7\u00e3o agropecu\u00e1ria cada vez mais sustent\u00e1vel.&nbsp;<em>Compliance<\/em>&nbsp;\u00e9 o conjunto de disciplinas para fazer cumprir as normas legais e regulamentares, as pol\u00edticas e as diretrizes estabelecidas para o neg\u00f3cio e para as atividades da institui\u00e7\u00e3o ou empresa, bem como evitar, detectar e tratar qualquer desvio ou inconformidade que possa ocorrer.<\/p>\n\n\n\n<p>A feira \u00e9 uma realiza\u00e7\u00e3o do Governo do Tocantins, por meio da Secretaria de Estado da Agricultura e Pecu\u00e1ria (Seagro), da Ag\u00eancia de Defesa Agropecu\u00e1ria (Adapec), do Instituto de Desenvolvimento Rural do Tocantins (Ruraltins), da Funda\u00e7\u00e3o de Amparo \u00e0 Pesquisa do Tocantins (Fapt) e da Tocantins Parcerias, em conjunto com empresas, institui\u00e7\u00f5es e \u00f3rg\u00e3os p\u00fablicos, de pesquisas e educacionais, entre outras. Para este ano, a expectativa \u00e9 fechar mais de R$ 2,5 bilh\u00f5es em neg\u00f3cios durante a realiza\u00e7\u00e3o da feira, superando assim a marca da edi\u00e7\u00e3o passada.<\/p>\n\n\n\n<p><img src=\"https:\/\/central.to.gov.br\/image\/329706?w=670&amp;h=383\"><\/p>\n\n\n\n<p>A Agrotins 2023 vai trabalhar o tema Compliance no Agro, que inova ao estimular a produ\u00e7\u00e3o em conformidade com as normas que regulamentam o setor, visando uma produ\u00e7\u00e3o agropecu\u00e1ria cada vez mais sustent\u00e1vel &#8211; Frederick Borges\/Governo do Tocantins\u00a0<\/p>\n\n\n\n<p><img src=\"https:\/\/central.to.gov.br\/image\/329705?w=670&amp;h=383\"><\/p>\n\n\n\n<p>Edemar Oliveira J\u00fanior \u00e9 supervisor regional de uma empresa de controle biol\u00f3gico e conhece bem a import\u00e2ncia da Agrotins para o ramo &#8211; Frederick Borges\/Governo do Tocantins\u00a0<\/p>\n\n\n\n<p><img src=\"https:\/\/central.to.gov.br\/image\/329704?w=670&amp;h=383\"><\/p>\n\n\n\n<p>O diretor da Agricultura Familiar da Seagro, Geilson Barbosa, comentou como o trabalho voltado para agricultores familiares foi desenvolvido at\u00e9 chegar na etapa final &#8211; Frederick Borges\/Governo do Tocantins\u00a0<\/p>\n\n\n\n<p><img src=\"https:\/\/central.to.gov.br\/image\/329703?w=670&amp;h=383\"><\/p>\n\n\n\n<p>Jos\u00e9 Am\u00e9rico Vasconcelos, que \u00e9 diretor de Agricultura e Pecu\u00e1ria e Agroneg\u00f3cio da Seagro, afirma que ser\u00e3o expostos mais de 400 animais na feira &#8211; Frederick Borges\/Governo do Tocantins&nbsp;<\/p>\n","protected":false},"excerpt":{"rendered":"<p>Com a contagem regressiva para a abertura da Feira de Tecnologia Agropecu\u00e1ria do Tocantins (Agrotins 2023), que ocorre nesta ter\u00e7a-feira, 16, os \u00faltimos preparativos est\u00e3o em pleno vapor no Parque Agrotecnol\u00f3gico Engenheiro Agr\u00f4nomo Mauro Medanha, na zona rural de Palmas. O evento, que se consagrou como a maior Feira de tecnologia agropecu\u00e1ria da regi\u00e3o Norte [&hellip;]<\/p>\n","protected":false},"author":2,"featured_media":15729,"comment_status":"open","ping_status":"open","sticky":false,"template":"","format":"standard","meta":[],"categories":[3],"tags":[13],"_links":{"self":[{"href":"https:\/\/dgospel.com.br\/portal\/index.php\/wp-json\/wp\/v2\/posts\/15728"}],"collection":[{"href":"https:\/\/dgospel.com.br\/portal\/index.php\/wp-json\/wp\/v2\/posts"}],"about":[{"href":"https:\/\/dgospel.com.br\/portal\/index.php\/wp-json\/wp\/v2\/types\/post"}],"author":[{"embeddable":true,"href":"https:\/\/dgospel.com.br\/portal\/index.php\/wp-json\/wp\/v2\/users\/2"}],"replies":[{"embeddable":true,"href":"https:\/\/dgospel.com.br\/portal\/index.php\/wp-json\/wp\/v2\/comments?post=15728"}],"version-history":[{"count":1,"href":"https:\/\/dgospel.com.br\/portal\/index.php\/wp-json\/wp\/v2\/posts\/15728\/revisions"}],"predecessor-version":[{"id":15730,"href":"https:\/\/dgospel.com.br\/portal\/index.php\/wp-json\/wp\/v2\/posts\/15728\/revisions\/15730"}],"wp:featuredmedia":[{"embeddable":true,"href":"https:\/\/dgospel.com.br\/portal\/index.php\/wp-json\/wp\/v2\/media\/15729"}],"wp:attachment":[{"href":"https:\/\/dgospel.com.br\/portal\/index.php\/wp-json\/wp\/v2\/media?parent=15728"}],"wp:term":[{"taxonomy":"category","embeddable":true,"href":"https:\/\/dgospel.com.br\/portal\/index.php\/wp-json\/wp\/v2\/categories?post=15728"},{"taxonomy":"post_tag","embeddable":true,"href":"https:\/\/dgospel.com.br\/portal\/index.php\/wp-json\/wp\/v2\/tags?post=15728"}],"curies":[{"name":"wp","href":"https:\/\/api.w.org\/{rel}","templated":true}]}}