{"id":15737,"date":"2023-05-17T20:50:29","date_gmt":"2023-05-17T23:50:29","guid":{"rendered":"http:\/\/dgospel.com.br\/portal\/?p=15737"},"modified":"2023-05-17T20:50:30","modified_gmt":"2023-05-17T23:50:30","slug":"industria-apresenta-queda-na-producao-e-no-emprego-em-abril","status":"publish","type":"post","link":"https:\/\/dgospel.com.br\/portal\/index.php\/2023\/05\/17\/industria-apresenta-queda-na-producao-e-no-emprego-em-abril\/","title":{"rendered":"Ind\u00fastria apresenta queda na produ\u00e7\u00e3o e no emprego em abril"},"content":{"rendered":"\n<p>A produ\u00e7\u00e3o industrial caiu na passagem de mar\u00e7o para abril deste ano. O \u00edndice de evolu\u00e7\u00e3o da produ\u00e7\u00e3o ficou em 42,6 pontos, abaixo da linha de corte de 50 pontos que separa a queda do crescimento da produ\u00e7\u00e3o. O \u00edndice \u00e9 2,2 pontos inferior \u00e0 m\u00e9dia para meses de abril, conforme a pesquisa Sondagem Industrial, divulgada nesta quarta-feira (17) pela Confedera\u00e7\u00e3o Nacional da Ind\u00fastria (CNI).<\/p>\n\n\n\n<p>De acordo com o estudo, al\u00e9m da produ\u00e7\u00e3o, o emprego industrial tamb\u00e9m registrou queda no m\u00eas passado. O \u00edndice de evolu\u00e7\u00e3o do n\u00famero de empregados foi de 48 pontos; 1,5 ponto menor em rela\u00e7\u00e3o a mar\u00e7o. O indicador, de acordo com a CNI, se mant\u00e9m abaixo da linha de corte desde outubro de 2022, \u201co que mostra que h\u00e1 seis meses o emprego n\u00e3o cresce de forma disseminada na ind\u00fastria\u201d.<\/p>\n\n\n\n<p><strong>INTEN\u00c7\u00c3O DE INVESTIMENTO TAMB\u00c9M CAIU<\/strong><br>A pesquisa mostra ainda que, em maio, a inten\u00e7\u00e3o de investimento apresentou queda de 0,7 ponto, alcan\u00e7ando 52,9 pontos. Em 2023, o \u00edndice, segundo a CNI, apresenta registros alternados de alta e baixa moderados.<\/p>\n\n\n\n<p>\u2013 No entanto, a queda de maio, 0,7 ponto, foi um pouco mais intensa \u2013 apontou a pesquisa.<\/p>\n\n\n\n<p><strong>CNI DESTACA CEN\u00c1RIO DESFAVOR\u00c1VEL<\/strong><br>\u2013 Todos os \u00edndices de expectativas recuaram em maio de 2023. O \u00edndice de expectativa de n\u00famero de empregados recuou 0,6 ponto frente a abril, registrando 49,9 pontos. Esse resultado sinaliza para os pr\u00f3ximos meses a estabilidade do n\u00famero de contrata\u00e7\u00f5es \u2013 destacou a CNI.<\/p>\n\n\n\n<p>O \u00edndice de expectativa de quantidade exportada apresentou a maior queda mensal: recuo de 2,2 pontos, alcan\u00e7ando 50,2 pontos, praticamente sobre a linha divis\u00f3ria.<\/p>\n\n\n\n<p>O \u00edndice de expectativa de demanda registrou 53,6 pontos, o que representa queda de 1,5 ponto frente ao m\u00eas anterior. Al\u00e9m disso, o \u00edndice de expectativa de compras de mat\u00e9rias-primas foi 51,7 pontos, resultado 1,4 ponto menor que em abril.<\/p>\n\n\n\n<p>*Ag\u00eancia Brasil<\/p>\n","protected":false},"excerpt":{"rendered":"<p>A produ\u00e7\u00e3o industrial caiu na passagem de mar\u00e7o para abril deste ano. O \u00edndice de evolu\u00e7\u00e3o da produ\u00e7\u00e3o ficou em 42,6 pontos, abaixo da linha de corte de 50 pontos que separa a queda do crescimento da produ\u00e7\u00e3o. O \u00edndice \u00e9 2,2 pontos inferior \u00e0 m\u00e9dia para meses de abril, conforme a pesquisa Sondagem Industrial, [&hellip;]<\/p>\n","protected":false},"author":2,"featured_media":15738,"comment_status":"open","ping_status":"open","sticky":false,"template":"","format":"standard","meta":[],"categories":[10],"tags":[],"_links":{"self":[{"href":"https:\/\/dgospel.com.br\/portal\/index.php\/wp-json\/wp\/v2\/posts\/15737"}],"collection":[{"href":"https:\/\/dgospel.com.br\/portal\/index.php\/wp-json\/wp\/v2\/posts"}],"about":[{"href":"https:\/\/dgospel.com.br\/portal\/index.php\/wp-json\/wp\/v2\/types\/post"}],"author":[{"embeddable":true,"href":"https:\/\/dgospel.com.br\/portal\/index.php\/wp-json\/wp\/v2\/users\/2"}],"replies":[{"embeddable":true,"href":"https:\/\/dgospel.com.br\/portal\/index.php\/wp-json\/wp\/v2\/comments?post=15737"}],"version-history":[{"count":1,"href":"https:\/\/dgospel.com.br\/portal\/index.php\/wp-json\/wp\/v2\/posts\/15737\/revisions"}],"predecessor-version":[{"id":15739,"href":"https:\/\/dgospel.com.br\/portal\/index.php\/wp-json\/wp\/v2\/posts\/15737\/revisions\/15739"}],"wp:featuredmedia":[{"embeddable":true,"href":"https:\/\/dgospel.com.br\/portal\/index.php\/wp-json\/wp\/v2\/media\/15738"}],"wp:attachment":[{"href":"https:\/\/dgospel.com.br\/portal\/index.php\/wp-json\/wp\/v2\/media?parent=15737"}],"wp:term":[{"taxonomy":"category","embeddable":true,"href":"https:\/\/dgospel.com.br\/portal\/index.php\/wp-json\/wp\/v2\/categories?post=15737"},{"taxonomy":"post_tag","embeddable":true,"href":"https:\/\/dgospel.com.br\/portal\/index.php\/wp-json\/wp\/v2\/tags?post=15737"}],"curies":[{"name":"wp","href":"https:\/\/api.w.org\/{rel}","templated":true}]}}