{"id":15743,"date":"2023-05-17T20:57:10","date_gmt":"2023-05-17T23:57:10","guid":{"rendered":"http:\/\/dgospel.com.br\/portal\/?p=15743"},"modified":"2023-05-17T20:57:12","modified_gmt":"2023-05-17T23:57:12","slug":"ministro-de-lula-da-posse-a-membros-do-conselho-lgbtqia","status":"publish","type":"post","link":"https:\/\/dgospel.com.br\/portal\/index.php\/2023\/05\/17\/ministro-de-lula-da-posse-a-membros-do-conselho-lgbtqia\/","title":{"rendered":"Ministro de Lula d\u00e1 posse a membros do conselho LGBTQIA+"},"content":{"rendered":"\n<p>Para marcar o Dia de Enfrentamento \u00e0 Viol\u00eancia contra as Pessoas L\u00e9sbicas, Gays, Bissexuais, Travestis, Transexuais, Queers, Intersexos, Assexuais e Outras (LGBTQIA+) e o Dia Mundial Contra a Homofobia e Transfobia, o ministro de Lula, dos Direitos Humanos e da Cidadania, Silvio Almeida, deu posse, nesta quarta-feira (17), em Bras\u00edlia, aos conselheiros do Conselho Nacional dos Direitos das Pessoas LGBTQIA+, o CNLGBTQIA.<\/p>\n\n\n\n<p>O minist\u00e9rio criou tamb\u00e9m o Grupo de Trabalho para esclarecer as viola\u00e7\u00f5es de direitos humanos contra as pessoas LGBTQIA+. Com dura\u00e7\u00e3o de 180 dias, o grupo ter\u00e1 a miss\u00e3o de garantir os direitos \u00e0 mem\u00f3ria e \u00e0 verdade hist\u00f3rica sobre crimes e persegui\u00e7\u00f5es contra as pessoas LGBTQIA+, al\u00e9m de dar dignidade a quem \u00e9 v\u00edtima dessas viol\u00eancias.<\/p>\n\n\n\n<p>E para acompanhar o desenvolvimento e fortalecimento de pol\u00edticas p\u00fablicas de Direitos Humanos LGBTQIA+, nas tr\u00eas esferas de governo (federal, estadual e municipal), o minist\u00e9rio ainda instituiu a Comiss\u00e3o Nacional Intergestores da Pol\u00edtica LGBTQIA+.<\/p>\n\n\n\n<p>O ministro Silvio Almeida ressaltou o compromisso com pol\u00edticas p\u00fablicas de promo\u00e7\u00e3o de prote\u00e7\u00e3o dos direitos das pessoas LGBTQIA+.<\/p>\n\n\n\n<p>\u2013 N\u00e3o existe possibilidade de se falar de interesse nacional sem que n\u00f3s sejamos capazes de proteger o nosso povo contra a viol\u00eancia, inclusive e principalmente, a viol\u00eancia do Estado \u2013 disse.<\/p>\n\n\n\n<p>No evento, a cantora Daniella Mercury foi homenageada por ser ativista da causa LGBTQIA+. Ela cantou&nbsp;<em>O Canto da Cidade<\/em>&nbsp;e destacou as viol\u00eancias de diversas ordens sofridas por esse p\u00fablico.<\/p>\n\n\n\n<p>\u2013 Vivemos uma cont\u00ednua desumaniza\u00e7\u00e3o de n\u00f3s LGBTQIA+. Nesse \u00faltimo per\u00edodo, mais gravemente. Isso \u00e9 uma quest\u00e3o hist\u00f3rica. Falam muito em racismo estrutural. E LGBT fobia estrutural \u00e9 exatamente por sermos apenas quem somos e o que sempre fomos \u2013 disse.<\/p>\n\n\n\n<p><strong>CONSELHO<\/strong><br>O Conselho Nacional dos Direitos das Pessoas LGBTQIA+ foi criado em abril e \u00e9 composto por 38 representantes da sociedade civil e dos minist\u00e9rios da Educa\u00e7\u00e3o, Igualdade Racial, Justi\u00e7a e Seguran\u00e7a P\u00fablica, Mulheres, Sa\u00fade, Trabalho e Emprego.<\/p>\n\n\n\n<p><strong>OUTRAS A\u00c7\u00d5ES<\/strong><\/p>\n\n\n\n<figure class=\"wp-block-image\"><img src=\"https:\/\/static.cdn.pleno.news\/2023\/05\/An%C3%BAncio-da-nova-carteira-de-identidade.jpg\" alt=\"\" class=\"wp-image-1141308\"\/><figcaption>An\u00fancio da nova carteira de identidade&nbsp;Foto: Fabio Rodrigues-Pozzebom\/Ag\u00eancia Brasil<\/figcaption><\/figure>\n\n\n\n<p>No Dia de Enfrentamento \u00e0 Viol\u00eancia contra as Pessoas LGBTQIA+, a secret\u00e1ria Nacional de Promo\u00e7\u00e3o e Defesa dos Direitos das Pessoas LGBTQIA+ do Minist\u00e9rio dos Direitos Humanos e Cidadania, Symmy Larrat, anunciou que a nova Carteira Nacional de Identidade (CNI), substituta do RG, n\u00e3o ter\u00e1 o campo do nome social ao lado do nome do registro civil, nem haver\u00e1 o campo sexo, para evitar discrimina\u00e7\u00f5es.<\/p>\n\n\n\n<p>O secret\u00e1rio de Governo Digital do Minist\u00e9rio da Gest\u00e3o e da Inova\u00e7\u00e3o em Servi\u00e7os P\u00fablicos, Rogerio Souza Mascarenhas, revelou que o novo documento, que ainda ser\u00e1 lan\u00e7ado oficialmente, vai retratar com mais fidelidade o cidad\u00e3o brasileiro.<\/p>\n\n\n\n<p>\u2013 Teremos um documento inclusivo. Pretendemos que esse seja um instrumento que permita a reconstru\u00e7\u00e3o da rela\u00e7\u00e3o de cidadania entre o Estado e o cidad\u00e3o, que a gente saiba com quem que a gente est\u00e1 falando e que essa pessoa possa exigir do Estado seus direitos e cumprir seus deveres, al\u00e9m de ser reconhecido como uma pessoa.<\/p>\n\n\n\n<p>*Ag\u00eancia Brasil<\/p>\n","protected":false},"excerpt":{"rendered":"<p>Para marcar o Dia de Enfrentamento \u00e0 Viol\u00eancia contra as Pessoas L\u00e9sbicas, Gays, Bissexuais, Travestis, Transexuais, Queers, Intersexos, Assexuais e Outras (LGBTQIA+) e o Dia Mundial Contra a Homofobia e Transfobia, o ministro de Lula, dos Direitos Humanos e da Cidadania, Silvio Almeida, deu posse, nesta quarta-feira (17), em Bras\u00edlia, aos conselheiros do Conselho Nacional [&hellip;]<\/p>\n","protected":false},"author":2,"featured_media":15744,"comment_status":"open","ping_status":"open","sticky":false,"template":"","format":"standard","meta":[],"categories":[10],"tags":[],"_links":{"self":[{"href":"https:\/\/dgospel.com.br\/portal\/index.php\/wp-json\/wp\/v2\/posts\/15743"}],"collection":[{"href":"https:\/\/dgospel.com.br\/portal\/index.php\/wp-json\/wp\/v2\/posts"}],"about":[{"href":"https:\/\/dgospel.com.br\/portal\/index.php\/wp-json\/wp\/v2\/types\/post"}],"author":[{"embeddable":true,"href":"https:\/\/dgospel.com.br\/portal\/index.php\/wp-json\/wp\/v2\/users\/2"}],"replies":[{"embeddable":true,"href":"https:\/\/dgospel.com.br\/portal\/index.php\/wp-json\/wp\/v2\/comments?post=15743"}],"version-history":[{"count":1,"href":"https:\/\/dgospel.com.br\/portal\/index.php\/wp-json\/wp\/v2\/posts\/15743\/revisions"}],"predecessor-version":[{"id":15745,"href":"https:\/\/dgospel.com.br\/portal\/index.php\/wp-json\/wp\/v2\/posts\/15743\/revisions\/15745"}],"wp:featuredmedia":[{"embeddable":true,"href":"https:\/\/dgospel.com.br\/portal\/index.php\/wp-json\/wp\/v2\/media\/15744"}],"wp:attachment":[{"href":"https:\/\/dgospel.com.br\/portal\/index.php\/wp-json\/wp\/v2\/media?parent=15743"}],"wp:term":[{"taxonomy":"category","embeddable":true,"href":"https:\/\/dgospel.com.br\/portal\/index.php\/wp-json\/wp\/v2\/categories?post=15743"},{"taxonomy":"post_tag","embeddable":true,"href":"https:\/\/dgospel.com.br\/portal\/index.php\/wp-json\/wp\/v2\/tags?post=15743"}],"curies":[{"name":"wp","href":"https:\/\/api.w.org\/{rel}","templated":true}]}}