{"id":15746,"date":"2023-05-17T20:59:22","date_gmt":"2023-05-17T23:59:22","guid":{"rendered":"http:\/\/dgospel.com.br\/portal\/?p=15746"},"modified":"2023-05-17T20:59:22","modified_gmt":"2023-05-17T23:59:22","slug":"stf-confirma-nunes-marques-no-tse-por-9-a-1","status":"publish","type":"post","link":"https:\/\/dgospel.com.br\/portal\/index.php\/2023\/05\/17\/stf-confirma-nunes-marques-no-tse-por-9-a-1\/","title":{"rendered":"STF confirma Nunes Marques no TSE por 9 a 1"},"content":{"rendered":"\n<p>O Supremo Tribunal Federal (STF) confirmou a nomea\u00e7\u00e3o do ministro Kassio Nunes Marques para assumir a vaga deixada por Ricardo Lewandowski no Tribunal Superior Eleitoral (TSE). O placar ficou em 9 a 1. Apenas Nunes Marques, seguindo tradi\u00e7\u00e3o da Corte de n\u00e3o votar em si pr\u00f3prio, optou pelo colega Andr\u00e9 Mendon\u00e7a.<\/p>\n\n\n\n<p>A vota\u00e7\u00e3o ocorreu de forma virtual ao longo da sess\u00e3o desta quarta-feira (17). O procedimento \u00e9 protocolar, uma vez que a escolha do ministro Kassio Nunes Marques era dada como certa. Ele j\u00e1 havia assumido a vaga de Lewandowski na Corte eleitoral como substituto.<\/p>\n\n\n\n<p>O ministro Alexandre de Moraes, presidente do TSE, parabenizou Nunes Marques pela confirma\u00e7\u00e3o na vaga.<\/p>\n\n\n\n<p>\u2013 Vai contribuir muito, em especial pela sua experi\u00eancia no Tribunal Regional Eleitoral do Piau\u00ed \u2013 disse Moraes.<\/p>\n\n\n\n<p>Ele deu declara\u00e7\u00f5es ap\u00f3s o resultado ser anunciado.<\/p>\n\n\n\n<p>Outras duas vagas ser\u00e3o abertas no TSE nesta semana com o t\u00e9rmino dos mandatos dos ministros S\u00e9rgio Banhos e Carlos Horbach. Ambos fazem parte da classe dos juristas.<\/p>\n\n\n\n<p>Para preencher as vagas dos juristas, Moraes vai enviar uma lista de candidatos ao STF, que diminuir\u00e1 os nomes a uma lista tr\u00edplice. Os tr\u00eas nomes ser\u00e3o encaminhados para escolha do presidente Luiz In\u00e1cio Lula da Silva (PT).<\/p>\n\n\n\n<p>O TSE \u00e9 composto por tr\u00eas ministros do STF, dois ministros do Superior Tribunal de Justi\u00e7a (STJ) e dois membros da advocacia.<\/p>\n\n\n\n<p>*AE<\/p>\n","protected":false},"excerpt":{"rendered":"<p>O Supremo Tribunal Federal (STF) confirmou a nomea\u00e7\u00e3o do ministro Kassio Nunes Marques para assumir a vaga deixada por Ricardo Lewandowski no Tribunal Superior Eleitoral (TSE). O placar ficou em 9 a 1. Apenas Nunes Marques, seguindo tradi\u00e7\u00e3o da Corte de n\u00e3o votar em si pr\u00f3prio, optou pelo colega Andr\u00e9 Mendon\u00e7a. A vota\u00e7\u00e3o ocorreu de [&hellip;]<\/p>\n","protected":false},"author":2,"featured_media":15747,"comment_status":"open","ping_status":"open","sticky":false,"template":"","format":"standard","meta":[],"categories":[10],"tags":[],"_links":{"self":[{"href":"https:\/\/dgospel.com.br\/portal\/index.php\/wp-json\/wp\/v2\/posts\/15746"}],"collection":[{"href":"https:\/\/dgospel.com.br\/portal\/index.php\/wp-json\/wp\/v2\/posts"}],"about":[{"href":"https:\/\/dgospel.com.br\/portal\/index.php\/wp-json\/wp\/v2\/types\/post"}],"author":[{"embeddable":true,"href":"https:\/\/dgospel.com.br\/portal\/index.php\/wp-json\/wp\/v2\/users\/2"}],"replies":[{"embeddable":true,"href":"https:\/\/dgospel.com.br\/portal\/index.php\/wp-json\/wp\/v2\/comments?post=15746"}],"version-history":[{"count":1,"href":"https:\/\/dgospel.com.br\/portal\/index.php\/wp-json\/wp\/v2\/posts\/15746\/revisions"}],"predecessor-version":[{"id":15748,"href":"https:\/\/dgospel.com.br\/portal\/index.php\/wp-json\/wp\/v2\/posts\/15746\/revisions\/15748"}],"wp:featuredmedia":[{"embeddable":true,"href":"https:\/\/dgospel.com.br\/portal\/index.php\/wp-json\/wp\/v2\/media\/15747"}],"wp:attachment":[{"href":"https:\/\/dgospel.com.br\/portal\/index.php\/wp-json\/wp\/v2\/media?parent=15746"}],"wp:term":[{"taxonomy":"category","embeddable":true,"href":"https:\/\/dgospel.com.br\/portal\/index.php\/wp-json\/wp\/v2\/categories?post=15746"},{"taxonomy":"post_tag","embeddable":true,"href":"https:\/\/dgospel.com.br\/portal\/index.php\/wp-json\/wp\/v2\/tags?post=15746"}],"curies":[{"name":"wp","href":"https:\/\/api.w.org\/{rel}","templated":true}]}}