{"id":15749,"date":"2023-05-17T21:07:03","date_gmt":"2023-05-18T00:07:03","guid":{"rendered":"http:\/\/dgospel.com.br\/portal\/?p=15749"},"modified":"2023-05-17T21:07:04","modified_gmt":"2023-05-18T00:07:04","slug":"moro-e-desprezivel-ver-pessoas-do-governo-comemorando-a-cassacao-de-deputado-federal-do-deltan-dallagnol","status":"publish","type":"post","link":"https:\/\/dgospel.com.br\/portal\/index.php\/2023\/05\/17\/moro-e-desprezivel-ver-pessoas-do-governo-comemorando-a-cassacao-de-deputado-federal-do-deltan-dallagnol\/","title":{"rendered":"Moro: \u201c\u00c9 desprez\u00edvel ver pessoas do Governo comemorando a cassa\u00e7\u00e3o de deputado federal do Deltan Dallagnol\u201d"},"content":{"rendered":"\n<p>O senador Sergio Moro (Uni\u00e3o-PR) se revoltou ao ver pessoas aliadas do presidente Lula (PT) comemorando a cassa\u00e7\u00e3o de Deltan Dallagnol (Podemos-PR), que perdeu o cargo de deputado federal ap\u00f3s decis\u00e3o do Tribunal Superior Eleitoral (TSE).<\/p>\n\n\n\n<p>Moro, enquanto juiz federal, e Dallagnol, ex-procurador, trabalharam juntos na Opera\u00e7\u00e3o Lava Jato que descobriu e puniu envolvidos no maior esquema de corrup\u00e7\u00e3o da hist\u00f3ria.<\/p>\n\n\n\n<p>\u201c\u00c9 desprez\u00edvel ver pessoas do Governo comemorando a cassa\u00e7\u00e3o de um deputado federal Deltan Dallagnol, ainda mais de um com hist\u00f3rico de combate \u00e0 corrup\u00e7\u00e3o e desvio de dinheiro p\u00fablico. Coisa de gente pequena. Era esse o Governo que ia pacificar o pa\u00eds?\u201d, escreveu Moro.<\/p>\n\n\n\n<p>Esta n\u00e3o foi a primeira vez que o senador se pronunciou sobre o assunto. Na ter\u00e7a (16), assim que o TSE decidiu pela cassa\u00e7\u00e3o, Moro lamentou o ocorrido atrav\u00e9s do Twitter.<\/p>\n\n\n\n<p>\u2013 \u00c9 com muita tristeza que recebo a informa\u00e7\u00e3o da cassa\u00e7\u00e3o do mandato de deputado federal do Deltan Dallagnol. Estou estarrecido por ver fora do Parlamento uma voz honesta na pol\u00edtica que sempre esteve em busca de melhorias para o povo brasileiro. Perde a pol\u00edtica. Minha solidariedade aos eleitores do Paran\u00e1 e aos cidad\u00e3os do Brasil.<\/p>\n\n\n\n<p><\/p>\n\n\n\n<figure class=\"wp-block-image size-full\"><img loading=\"lazy\" width=\"563\" height=\"286\" src=\"http:\/\/dgospel.com.br\/portal\/wp-content\/uploads\/2023\/05\/000-3.jpg\" alt=\"\" class=\"wp-image-15750\" srcset=\"https:\/\/dgospel.com.br\/portal\/wp-content\/uploads\/2023\/05\/000-3.jpg 563w, https:\/\/dgospel.com.br\/portal\/wp-content\/uploads\/2023\/05\/000-3-300x152.jpg 300w, https:\/\/dgospel.com.br\/portal\/wp-content\/uploads\/2023\/05\/000-3-338x172.jpg 338w\" sizes=\"(max-width: 563px) 100vw, 563px\" \/><\/figure>\n","protected":false},"excerpt":{"rendered":"<p>O senador Sergio Moro (Uni\u00e3o-PR) se revoltou ao ver pessoas aliadas do presidente Lula (PT) comemorando a cassa\u00e7\u00e3o de Deltan Dallagnol (Podemos-PR), que perdeu o cargo de deputado federal ap\u00f3s decis\u00e3o do Tribunal Superior Eleitoral (TSE). Moro, enquanto juiz federal, e Dallagnol, ex-procurador, trabalharam juntos na Opera\u00e7\u00e3o Lava Jato que descobriu e puniu envolvidos no [&hellip;]<\/p>\n","protected":false},"author":2,"featured_media":15751,"comment_status":"open","ping_status":"open","sticky":false,"template":"","format":"standard","meta":[],"categories":[4],"tags":[],"_links":{"self":[{"href":"https:\/\/dgospel.com.br\/portal\/index.php\/wp-json\/wp\/v2\/posts\/15749"}],"collection":[{"href":"https:\/\/dgospel.com.br\/portal\/index.php\/wp-json\/wp\/v2\/posts"}],"about":[{"href":"https:\/\/dgospel.com.br\/portal\/index.php\/wp-json\/wp\/v2\/types\/post"}],"author":[{"embeddable":true,"href":"https:\/\/dgospel.com.br\/portal\/index.php\/wp-json\/wp\/v2\/users\/2"}],"replies":[{"embeddable":true,"href":"https:\/\/dgospel.com.br\/portal\/index.php\/wp-json\/wp\/v2\/comments?post=15749"}],"version-history":[{"count":1,"href":"https:\/\/dgospel.com.br\/portal\/index.php\/wp-json\/wp\/v2\/posts\/15749\/revisions"}],"predecessor-version":[{"id":15752,"href":"https:\/\/dgospel.com.br\/portal\/index.php\/wp-json\/wp\/v2\/posts\/15749\/revisions\/15752"}],"wp:featuredmedia":[{"embeddable":true,"href":"https:\/\/dgospel.com.br\/portal\/index.php\/wp-json\/wp\/v2\/media\/15751"}],"wp:attachment":[{"href":"https:\/\/dgospel.com.br\/portal\/index.php\/wp-json\/wp\/v2\/media?parent=15749"}],"wp:term":[{"taxonomy":"category","embeddable":true,"href":"https:\/\/dgospel.com.br\/portal\/index.php\/wp-json\/wp\/v2\/categories?post=15749"},{"taxonomy":"post_tag","embeddable":true,"href":"https:\/\/dgospel.com.br\/portal\/index.php\/wp-json\/wp\/v2\/tags?post=15749"}],"curies":[{"name":"wp","href":"https:\/\/api.w.org\/{rel}","templated":true}]}}