{"id":1575,"date":"2018-10-11T17:06:12","date_gmt":"2018-10-11T20:06:12","guid":{"rendered":"http:\/\/dgospel.com.br\/portal\/?p=1575"},"modified":"2018-10-11T17:06:12","modified_gmt":"2018-10-11T20:06:12","slug":"camara-de-palmas-cumpre-sentenca-e-demite-servidores-comissionados","status":"publish","type":"post","link":"https:\/\/dgospel.com.br\/portal\/index.php\/2018\/10\/11\/camara-de-palmas-cumpre-sentenca-e-demite-servidores-comissionados\/","title":{"rendered":"C\u00e2mara de Palmas cumpre senten\u00e7a e demite servidores comissionados"},"content":{"rendered":"<p>A senten\u00e7a que determinou a demiss\u00e3o de servidores comissionados da C\u00e2mara de Vereadores de Palmas deve come\u00e7ar a ser cumprida nesta quinta-feira (11).\u00a0<a style=\"font-style: inherit;\" href=\"https:\/\/g1.globo.com\/to\/tocantins\/noticia\/justica-manda-camara-de-palmas-diminuir-a-quantidade-de-comissionados.ghtml\"><strong>A decis\u00e3o \u00e9 de junho deste ano e deu prazo de seis meses<\/strong><\/a>\u00a0para que a quantidade de concursados e comissionados seja proporcional a 50%. A casa ainda n\u00e3o informou quantas pessoas ser\u00e3o demitidas.<\/p>\n<p data-track-category=\"Link no Texto\" data-track-links=\"\">O pedido para que a Justi\u00e7a tomasse a medida foi feito pelo Minist\u00e9rio P\u00fablico Estadual. Na \u00e9poca da a\u00e7\u00e3o, dos 407 funcion\u00e1rios do legislativo municipal 328 eram cargos de comiss\u00e3o, incluindo 192 assessores dos vereadores. Ou seja, o percentual de comissionados \u00e9 de 85%.<\/p>\n<p data-track-category=\"Link no Texto\" data-track-links=\"\">O procurador da C\u00e2mara, Jos\u00e9 Hugo Alves Sousa, afirma que o limite constitucional da folha de pagamento n\u00e3o foi excedido. &#8220;Al\u00e9m disso, a exonera\u00e7\u00e3o, da forma que foi determinada pela Justi\u00e7a, pode prejudicar os trabalhos desenvolvidos pelo legislativo&#8221;, defendeu.<\/p>\n<p data-track-category=\"Link no Texto\" data-track-links=\"\">O entendimento dos vereadores \u00e9 de que a contrata\u00e7\u00e3o de comissionados estaria dentro da legalidade e existe em todas as esferas do poder p\u00fablico.<\/p>\n<p data-track-category=\"Link no Texto\" data-track-links=\"\">Por outro lado, para o Minist\u00e9rio P\u00fablico, a grande quantidade de servidores comissionados contraria o a Constitui\u00e7\u00e3o Federal. Pois, a forma de ingressar no servi\u00e7o p\u00fablico \u00e9 por concurso.<\/p>\n<p>Fonte:\u00a0G1 Tocantins<\/p>\n","protected":false},"excerpt":{"rendered":"<p>A senten\u00e7a que determinou a demiss\u00e3o de servidores comissionados da C\u00e2mara de Vereadores de Palmas deve come\u00e7ar a ser cumprida nesta quinta-feira (11).\u00a0A decis\u00e3o \u00e9 de junho deste ano e deu prazo de seis meses\u00a0para que a quantidade de concursados e comissionados seja proporcional a 50%. A casa ainda n\u00e3o informou quantas pessoas ser\u00e3o demitidas. [&hellip;]<\/p>\n","protected":false},"author":2,"featured_media":1576,"comment_status":"open","ping_status":"open","sticky":false,"template":"","format":"standard","meta":[],"categories":[8,2],"tags":[],"_links":{"self":[{"href":"https:\/\/dgospel.com.br\/portal\/index.php\/wp-json\/wp\/v2\/posts\/1575"}],"collection":[{"href":"https:\/\/dgospel.com.br\/portal\/index.php\/wp-json\/wp\/v2\/posts"}],"about":[{"href":"https:\/\/dgospel.com.br\/portal\/index.php\/wp-json\/wp\/v2\/types\/post"}],"author":[{"embeddable":true,"href":"https:\/\/dgospel.com.br\/portal\/index.php\/wp-json\/wp\/v2\/users\/2"}],"replies":[{"embeddable":true,"href":"https:\/\/dgospel.com.br\/portal\/index.php\/wp-json\/wp\/v2\/comments?post=1575"}],"version-history":[{"count":1,"href":"https:\/\/dgospel.com.br\/portal\/index.php\/wp-json\/wp\/v2\/posts\/1575\/revisions"}],"predecessor-version":[{"id":1577,"href":"https:\/\/dgospel.com.br\/portal\/index.php\/wp-json\/wp\/v2\/posts\/1575\/revisions\/1577"}],"wp:featuredmedia":[{"embeddable":true,"href":"https:\/\/dgospel.com.br\/portal\/index.php\/wp-json\/wp\/v2\/media\/1576"}],"wp:attachment":[{"href":"https:\/\/dgospel.com.br\/portal\/index.php\/wp-json\/wp\/v2\/media?parent=1575"}],"wp:term":[{"taxonomy":"category","embeddable":true,"href":"https:\/\/dgospel.com.br\/portal\/index.php\/wp-json\/wp\/v2\/categories?post=1575"},{"taxonomy":"post_tag","embeddable":true,"href":"https:\/\/dgospel.com.br\/portal\/index.php\/wp-json\/wp\/v2\/tags?post=1575"}],"curies":[{"name":"wp","href":"https:\/\/api.w.org\/{rel}","templated":true}]}}