{"id":15753,"date":"2023-05-17T21:09:07","date_gmt":"2023-05-18T00:09:07","guid":{"rendered":"http:\/\/dgospel.com.br\/portal\/?p=15753"},"modified":"2023-05-17T21:09:08","modified_gmt":"2023-05-18T00:09:08","slug":"dallagnol-perdi-o-meu-mandato-porque-eu-combati-a-corrupcao","status":"publish","type":"post","link":"https:\/\/dgospel.com.br\/portal\/index.php\/2023\/05\/17\/dallagnol-perdi-o-meu-mandato-porque-eu-combati-a-corrupcao\/","title":{"rendered":"Dallagnol: \u201cPerdi o meu mandato porque eu combati a corrup\u00e7\u00e3o\u201d"},"content":{"rendered":"\n<p>Nesta quarta-feira (17), o deputado federal cassado Deltan Dallagnol (Podemos-PR) fez uma coletiva de imprensa na C\u00e2mara dos Deputados para comentar a decis\u00e3o do Tribunal Superior Eleitoral (TSE) que o fez perder o mandato.<\/p>\n\n\n\n<p>Rodeado de colegas parlamentares, o ex-procurador da Lava Jato demonstrou que tem o apoio da oposi\u00e7\u00e3o e fez quest\u00e3o de fazer uma an\u00e1lise destes meses em que esteve como deputado, ap\u00f3s ser eleito com mais de 344 mil votos.<\/p>\n\n\n\n<p>\u2013 Eu perdi o meu mandato, porque eu combati a corrup\u00e7\u00e3o. Hoje, o sistema de corrup\u00e7\u00e3o, os corruptos e os seus amigos est\u00e3o em festa. Gilmar Mendes est\u00e1 em festa, A\u00e9cio Neves est\u00e1 em festa, Eduardo Cunha est\u00e1 em festa, Beto Richa est\u00e1 em festa. (\u2026) \u00c9 um dia de festa para os corruptos, \u00e9 um dia de festa para Lula \u2013 declarou.<\/p>\n\n\n\n<p>Dallagnol disse que foi \u201ccassado por vingan\u00e7a\u201d, porque \u201cousei enfrentar o sistema de corrup\u00e7\u00e3o\u201d. Em sua defesa, ele deixou claro que n\u00e3o fraudou nenhuma lei, mas quem assim o fez foi o Tribunal que o condenou.<\/p>\n\n\n\n<p>\u2013 Foi o Tribunal Superior Eleitoral que fraudou a lei e a Constitui\u00e7\u00e3o ao criar uma nova inelegibilidade contra a lei e contra o que diz a Constitui\u00e7\u00e3o \u2013 pontuou.<\/p>\n\n\n\n<p>O parlamentar foi cassado nesta ter\u00e7a (16) durante o julgamento de um recurso apresentado por partidos de esquerda que comp\u00f5em a Federa\u00e7\u00e3o Brasil da Esperan\u00e7a (PT-PCdoB-PV) no Paran\u00e1 e, tamb\u00e9m, pelo PMN.<\/p>\n\n\n\n<p>A a\u00e7\u00e3o contestava a legalidade do mandato de Dallagnol sob a alega\u00e7\u00e3o de que o parlamentar teria de ter sua candidatura impedida pela ficha limpa na \u00e9poca em que ocorreram as elei\u00e7\u00f5es; j\u00e1 que ele, enquanto procurador, tinha processos administrativos tramitando junto ao Conselho Nacional do Minist\u00e9rio P\u00fablico (CNMP).<\/p>\n\n\n\n<p>\u2013 Me punir nesse caso \u00e9 como punir algu\u00e9m por um crime futuro. Ou pior, por uma acusa\u00e7\u00e3o que n\u00e3o existe \u2013 defendeu-se o agora ex-deputado.<\/p>\n","protected":false},"excerpt":{"rendered":"<p>Nesta quarta-feira (17), o deputado federal cassado Deltan Dallagnol (Podemos-PR) fez uma coletiva de imprensa na C\u00e2mara dos Deputados para comentar a decis\u00e3o do Tribunal Superior Eleitoral (TSE) que o fez perder o mandato. Rodeado de colegas parlamentares, o ex-procurador da Lava Jato demonstrou que tem o apoio da oposi\u00e7\u00e3o e fez quest\u00e3o de fazer [&hellip;]<\/p>\n","protected":false},"author":2,"featured_media":15754,"comment_status":"open","ping_status":"open","sticky":false,"template":"","format":"standard","meta":[],"categories":[8],"tags":[],"_links":{"self":[{"href":"https:\/\/dgospel.com.br\/portal\/index.php\/wp-json\/wp\/v2\/posts\/15753"}],"collection":[{"href":"https:\/\/dgospel.com.br\/portal\/index.php\/wp-json\/wp\/v2\/posts"}],"about":[{"href":"https:\/\/dgospel.com.br\/portal\/index.php\/wp-json\/wp\/v2\/types\/post"}],"author":[{"embeddable":true,"href":"https:\/\/dgospel.com.br\/portal\/index.php\/wp-json\/wp\/v2\/users\/2"}],"replies":[{"embeddable":true,"href":"https:\/\/dgospel.com.br\/portal\/index.php\/wp-json\/wp\/v2\/comments?post=15753"}],"version-history":[{"count":1,"href":"https:\/\/dgospel.com.br\/portal\/index.php\/wp-json\/wp\/v2\/posts\/15753\/revisions"}],"predecessor-version":[{"id":15755,"href":"https:\/\/dgospel.com.br\/portal\/index.php\/wp-json\/wp\/v2\/posts\/15753\/revisions\/15755"}],"wp:featuredmedia":[{"embeddable":true,"href":"https:\/\/dgospel.com.br\/portal\/index.php\/wp-json\/wp\/v2\/media\/15754"}],"wp:attachment":[{"href":"https:\/\/dgospel.com.br\/portal\/index.php\/wp-json\/wp\/v2\/media?parent=15753"}],"wp:term":[{"taxonomy":"category","embeddable":true,"href":"https:\/\/dgospel.com.br\/portal\/index.php\/wp-json\/wp\/v2\/categories?post=15753"},{"taxonomy":"post_tag","embeddable":true,"href":"https:\/\/dgospel.com.br\/portal\/index.php\/wp-json\/wp\/v2\/tags?post=15753"}],"curies":[{"name":"wp","href":"https:\/\/api.w.org\/{rel}","templated":true}]}}