{"id":15762,"date":"2023-05-17T21:19:53","date_gmt":"2023-05-18T00:19:53","guid":{"rendered":"http:\/\/dgospel.com.br\/portal\/?p=15762"},"modified":"2023-05-17T21:19:54","modified_gmt":"2023-05-18T00:19:54","slug":"em-defesa-do-mst-esquerda-causa-confusao-na-abertura-da-cpi","status":"publish","type":"post","link":"https:\/\/dgospel.com.br\/portal\/index.php\/2023\/05\/17\/em-defesa-do-mst-esquerda-causa-confusao-na-abertura-da-cpi\/","title":{"rendered":"Em defesa do MST, esquerda causa confus\u00e3o na abertura da CPI"},"content":{"rendered":"\n<p>A primeira sess\u00e3o da&nbsp;<strong><a href=\"https:\/\/revistaoeste.com\/no-ponto\/cpi-do-mst-e-instalada-na-camara\/\" target=\"_blank\" rel=\"noreferrer noopener\">Comiss\u00e3o Parlamentar de Inqu\u00e9rito (CPI) do Movimento dos Trabalhadores Sem Terra (MST)<\/a><\/strong>&nbsp;come\u00e7ou com um bate-boca entre os integrantes do colegiado.<\/p>\n\n\n\n<p>Tudo come\u00e7ou quando o presidente do colegiado, deputado federal Tenente-Coronel Zucco (Republicanos-RS), escolheu o tamb\u00e9m deputado Ricardo Salles (PL-SP) como o relator da CPI.<\/p>\n\n\n\n<p>Ent\u00e3o, a deputada&nbsp;<strong><a href=\"https:\/\/twitter.com\/samiabomfim\" target=\"_blank\" rel=\"noreferrer noopener\">S\u00e2mia Bomfim<\/a><\/strong>&nbsp;(Psol-SP) fez uma quest\u00e3o de ordem dizendo que Salles n\u00e3o poderia ser o relator da comiss\u00e3o, pois ele \u201ctem conflito de interesse\u201d. Segundo a parlamentar, Salles \u00e9 investigado por extra\u00e7\u00e3o ilegal de madeira e \u00e9 financiado pelo empres\u00e1rio Rubens Ometto, presidente da Cosan \u2014 empresa produtora de bioetanol, a\u00e7\u00facar e energia.<\/p>\n\n\n\n<p>O presidente da comiss\u00e3o rejeitou a quest\u00e3o de ordem da parlamentar, sob o argumento de que ele era de natureza \u201csubjetiva\u201d e de foro \u00edntimo. Em seguida, o deputado federal \u00c9der Mauro (PL-PA) rebateu S\u00e2mia, dizendo que o MST n\u00e3o quer o \u201cbem do Brasil\u201d.<\/p>\n\n\n\n<p>\u201cTrata-se de um grupo desocupado que n\u00e3o tem nem CNPJ\u201d, disse Mauro. S\u00e2mia respondeu ao colega de Parlamento dizendo que ele \u201cresponde pelo crime de tortura\u201d e ainda quer falar de \u201cmovimento social\u201d. Ambos se exaltaram e outros membros tamb\u00e9m levantaram a voz. O microfone de todos foi fechado.<\/p>\n\n\n\n<p>Por fim, para tentar amenizar o clima, Zucco fez um discurso destacando que a CPI do MST vai se ater apenas a fatos, provas e requerimentos. \u201cN\u00e3o queremos revanchismo\u201d, declarou. Salles tamb\u00e9m ressaltou que \u201cvai trabalhar com o m\u00e1ximo de imparcialidade\u201d.<\/p>\n","protected":false},"excerpt":{"rendered":"<p>A primeira sess\u00e3o da&nbsp;Comiss\u00e3o Parlamentar de Inqu\u00e9rito (CPI) do Movimento dos Trabalhadores Sem Terra (MST)&nbsp;come\u00e7ou com um bate-boca entre os integrantes do colegiado. Tudo come\u00e7ou quando o presidente do colegiado, deputado federal Tenente-Coronel Zucco (Republicanos-RS), escolheu o tamb\u00e9m deputado Ricardo Salles (PL-SP) como o relator da CPI. Ent\u00e3o, a deputada&nbsp;S\u00e2mia Bomfim&nbsp;(Psol-SP) fez uma quest\u00e3o de [&hellip;]<\/p>\n","protected":false},"author":2,"featured_media":15763,"comment_status":"open","ping_status":"open","sticky":false,"template":"","format":"standard","meta":[],"categories":[4],"tags":[],"_links":{"self":[{"href":"https:\/\/dgospel.com.br\/portal\/index.php\/wp-json\/wp\/v2\/posts\/15762"}],"collection":[{"href":"https:\/\/dgospel.com.br\/portal\/index.php\/wp-json\/wp\/v2\/posts"}],"about":[{"href":"https:\/\/dgospel.com.br\/portal\/index.php\/wp-json\/wp\/v2\/types\/post"}],"author":[{"embeddable":true,"href":"https:\/\/dgospel.com.br\/portal\/index.php\/wp-json\/wp\/v2\/users\/2"}],"replies":[{"embeddable":true,"href":"https:\/\/dgospel.com.br\/portal\/index.php\/wp-json\/wp\/v2\/comments?post=15762"}],"version-history":[{"count":1,"href":"https:\/\/dgospel.com.br\/portal\/index.php\/wp-json\/wp\/v2\/posts\/15762\/revisions"}],"predecessor-version":[{"id":15764,"href":"https:\/\/dgospel.com.br\/portal\/index.php\/wp-json\/wp\/v2\/posts\/15762\/revisions\/15764"}],"wp:featuredmedia":[{"embeddable":true,"href":"https:\/\/dgospel.com.br\/portal\/index.php\/wp-json\/wp\/v2\/media\/15763"}],"wp:attachment":[{"href":"https:\/\/dgospel.com.br\/portal\/index.php\/wp-json\/wp\/v2\/media?parent=15762"}],"wp:term":[{"taxonomy":"category","embeddable":true,"href":"https:\/\/dgospel.com.br\/portal\/index.php\/wp-json\/wp\/v2\/categories?post=15762"},{"taxonomy":"post_tag","embeddable":true,"href":"https:\/\/dgospel.com.br\/portal\/index.php\/wp-json\/wp\/v2\/tags?post=15762"}],"curies":[{"name":"wp","href":"https:\/\/api.w.org\/{rel}","templated":true}]}}