{"id":15765,"date":"2023-05-17T21:28:06","date_gmt":"2023-05-18T00:28:06","guid":{"rendered":"http:\/\/dgospel.com.br\/portal\/?p=15765"},"modified":"2023-05-17T21:28:08","modified_gmt":"2023-05-18T00:28:08","slug":"governo-lula-pagou-feira-do-mst-que-fez-teatro-para-prender-bolsonaristas","status":"publish","type":"post","link":"https:\/\/dgospel.com.br\/portal\/index.php\/2023\/05\/17\/governo-lula-pagou-feira-do-mst-que-fez-teatro-para-prender-bolsonaristas\/","title":{"rendered":"Governo Lula pagou feira do MST, que fez teatro para prender \u2018bolsonaristas\u2019"},"content":{"rendered":"\n<p>A feira realizada pelo Movimento dos Trabalhadores Sem Terra (MST) na capital paulista, na \u00faltima semana, teve mais a ver com o&nbsp;<strong><a href=\"https:\/\/revistaoeste.com\/tag\/governo-lula\/\" target=\"_blank\" rel=\"noreferrer noopener\">governo Lula<\/a><\/strong>&nbsp;do que a presen\u00e7a de ministros. O evento contou com dinheiro p\u00fablico.<\/p>\n\n\n\n<p>De acordo com informa\u00e7\u00f5es divulgadas pelo site da revista&nbsp;<em>Veja<\/em>, o Instituto Nacional de Coloniza\u00e7\u00e3o e Reforma Agr\u00e1ria (<strong><a href=\"https:\/\/www.gov.br\/incra\/pt-br\" target=\"_blank\" rel=\"noreferrer noopener\">Incra<\/a><\/strong>), \u00f3rg\u00e3o do governo federal vinculado ao Minist\u00e9rio do Desenvolvimento Agr\u00e1rio,&nbsp;<strong>repassou R$ 1,27 milh\u00e3o para a realiza\u00e7\u00e3o da feira<\/strong>. O valor, segundo a publica\u00e7\u00e3o, foi referente \u00e0 contrata\u00e7\u00e3o de servi\u00e7o para organiza\u00e7\u00e3o de eventos.<\/p>\n\n\n\n<p>O pagamento ao MST se deu por meio da superintend\u00eancia do Incra em&nbsp;<strong><a href=\"https:\/\/revistaoeste.com\/tag\/estado-de-sao-paulo\/\" target=\"_blank\" rel=\"noreferrer noopener\">S\u00e3o Paulo<\/a><\/strong>. Desde 10 de mar\u00e7o, a superintendente do instituto no Estado \u00e9 a advogada Sabrina Diniz, que tem liga\u00e7\u00e3o com o movimento invasor de terras. Em 1\u00ba de janeiro, ela foi a Bras\u00edlia para acompanhar a posse de Lula \u2014 e postou foto em que aparece ao lado de um garoto com o bon\u00e9 do MST.<\/p>\n\n\n\n<p>Ministro do Desenvolvimento Agr\u00e1rio, o petista Paulo Teixeira esteve presente no evento organizado \u2014 com dinheiro p\u00fablico \u2014 pelo MST. Alexandre Padilha (Rela\u00e7\u00f5es Institucionais) e Luiz Marinho (Trabalho) foram outros ministros do PT na feira. O vice-presidente da Rep\u00fablica e ministro do Desenvolvimento, Ind\u00fastria, Com\u00e9rcio e Servi\u00e7os, Geraldo Alckmin, foi outra autoridade a marcar presen\u00e7a.<\/p>\n\n\n\n<h2 id=\"h-evento-do-mst-teve-simulacao-de-bolsonaristas-presos\">Evento do MST teve simula\u00e7\u00e3o de \u2018bolsonaristas\u2019 presos<\/h2>\n\n\n\n<figure class=\"wp-block-image\"><img src=\"https:\/\/medias.revistaoeste.com\/qa-staging\/wp-content\/uploads\/2023\/05\/MST-2.jpg\" alt=\"MST\" class=\"wp-image-915522\"\/><figcaption>A \u2018cela\u2019 constru\u00edda pelo MST | Foto: Reprodu\u00e7\u00e3o\/Redes sociais<\/figcaption><\/figure>\n\n\n\n<p>Com verba milion\u00e1ria repassada pelo governo Lula, a feira do MST realizada em S\u00e3o Paulo teve&nbsp;<strong><a href=\"https:\/\/revistaoeste.com\/politica\/feira-do-mst-tem-simulacao-de-cela-para-bolsonaristas\/\" target=\"_blank\" rel=\"noreferrer noopener\">simula\u00e7\u00e3o de \u201cbolsonaristas\u201d presos<\/a><\/strong>. Segundo os organizadores, a presen\u00e7a da cela fez parte de uma apresenta\u00e7\u00e3o teatral.<\/p>\n\n\n\n<p><\/p>\n","protected":false},"excerpt":{"rendered":"<p>A feira realizada pelo Movimento dos Trabalhadores Sem Terra (MST) na capital paulista, na \u00faltima semana, teve mais a ver com o&nbsp;governo Lula&nbsp;do que a presen\u00e7a de ministros. O evento contou com dinheiro p\u00fablico. De acordo com informa\u00e7\u00f5es divulgadas pelo site da revista&nbsp;Veja, o Instituto Nacional de Coloniza\u00e7\u00e3o e Reforma Agr\u00e1ria (Incra), \u00f3rg\u00e3o do governo [&hellip;]<\/p>\n","protected":false},"author":2,"featured_media":15766,"comment_status":"open","ping_status":"open","sticky":false,"template":"","format":"standard","meta":[],"categories":[4],"tags":[],"_links":{"self":[{"href":"https:\/\/dgospel.com.br\/portal\/index.php\/wp-json\/wp\/v2\/posts\/15765"}],"collection":[{"href":"https:\/\/dgospel.com.br\/portal\/index.php\/wp-json\/wp\/v2\/posts"}],"about":[{"href":"https:\/\/dgospel.com.br\/portal\/index.php\/wp-json\/wp\/v2\/types\/post"}],"author":[{"embeddable":true,"href":"https:\/\/dgospel.com.br\/portal\/index.php\/wp-json\/wp\/v2\/users\/2"}],"replies":[{"embeddable":true,"href":"https:\/\/dgospel.com.br\/portal\/index.php\/wp-json\/wp\/v2\/comments?post=15765"}],"version-history":[{"count":1,"href":"https:\/\/dgospel.com.br\/portal\/index.php\/wp-json\/wp\/v2\/posts\/15765\/revisions"}],"predecessor-version":[{"id":15767,"href":"https:\/\/dgospel.com.br\/portal\/index.php\/wp-json\/wp\/v2\/posts\/15765\/revisions\/15767"}],"wp:featuredmedia":[{"embeddable":true,"href":"https:\/\/dgospel.com.br\/portal\/index.php\/wp-json\/wp\/v2\/media\/15766"}],"wp:attachment":[{"href":"https:\/\/dgospel.com.br\/portal\/index.php\/wp-json\/wp\/v2\/media?parent=15765"}],"wp:term":[{"taxonomy":"category","embeddable":true,"href":"https:\/\/dgospel.com.br\/portal\/index.php\/wp-json\/wp\/v2\/categories?post=15765"},{"taxonomy":"post_tag","embeddable":true,"href":"https:\/\/dgospel.com.br\/portal\/index.php\/wp-json\/wp\/v2\/tags?post=15765"}],"curies":[{"name":"wp","href":"https:\/\/api.w.org\/{rel}","templated":true}]}}