{"id":15768,"date":"2023-05-17T21:34:12","date_gmt":"2023-05-18T00:34:12","guid":{"rendered":"http:\/\/dgospel.com.br\/portal\/?p=15768"},"modified":"2023-05-17T21:34:13","modified_gmt":"2023-05-18T00:34:13","slug":"adolescente-salva-vida-da-irma-usando-tecnica-aprendida-no-projeto-bombeiro-mirim","status":"publish","type":"post","link":"https:\/\/dgospel.com.br\/portal\/index.php\/2023\/05\/17\/adolescente-salva-vida-da-irma-usando-tecnica-aprendida-no-projeto-bombeiro-mirim\/","title":{"rendered":"Adolescente salva vida da irm\u00e3 usando t\u00e9cnica aprendida no Projeto Bombeiro Mirim"},"content":{"rendered":"\n<p>O araguatinense Wallyson Teles dos Santos tem apenas 13 anos, mas conseguiu salvar a vida da irm\u00e3 de dois anos. Quando Elysa Teles do Santos se engasgou, ele usou a&nbsp;t\u00e9cnica que aprendeu nas aulas do Programa Educacional Bombeiro Mirim (Proebom), promovido pelo Corpo de Bombeiros Militar do Tocantins (CBMTO), por meio da 3\u00aa Companhia de Araguatins.<\/p>\n\n\n\n<p>&#8220;Meu sal\u00e3o fica do lado de casa. Na semana do Dia das M\u00e3es, eu estava muito ocupada. Ent\u00e3o, quando Wallyson chegou da escola eu pedi que ele desse o almo\u00e7o [ovo cozido com arroz] para a Elysa e ficasse sempre ao lado dela. Eu estava em atendimento no sal\u00e3o quando ele chegou com a nen\u00e9m no colo contando o que havia acontecido e todo o procedimento que ele fez para tirar ela do engasgo&#8221;, contou a m\u00e3e Eva dos Santos Lima, de 34 anos.<\/p>\n\n\n\n<p>Segundo Wallyson, a irm\u00e3 estava com os olhos vermelhos, arregalados e colocando a m\u00e3o na garganta (sinal de engasgo). Imediatamente, ele se ajoelhou e executou a manobra de Heimlich (compress\u00e3o abdominal). Fazendo com que o ovo cozido sa\u00edsse das vias a\u00e9reas, voltando a crian\u00e7a a respirar normalmente.&nbsp;<\/p>\n\n\n\n<p>&#8220;Eu fiquei muito feliz com a atitude do meu filho e agradecida a Deus pela oportunidade dele ter aprendido essa manobra no curso do Bombeiro Mirim do Corpo de Bombeiros, que possibilitou salvar a vida da irm\u00e3 dele&#8221;, destacou a m\u00e3e aliviada. Segundo Eva, quando Wallyson chegou, Elysa j\u00e1 estava bem, n\u00e3o apresentava sinais de anormalidade, &#8220;ela j\u00e1 estava muito bem, mas ficamos o dia observando se teria alguma altera\u00e7\u00e3o&#8221;, contou.&nbsp;<\/p>\n\n\n\n<p>&#8220;O Wallyson \u00e9 um aluno muito esperto e interessado, sempre atento nas aulas e dedicado, aprendeu a t\u00e9cnica e conseguiu salvar a irm\u00e3. \u00c9 uma sensa\u00e7\u00e3o de dever cumprido. A gente est\u00e1 aqui pra ensinar, essas t\u00e9cnicas s\u00e3o simples e poderiam ser ensinadas na escola, pois s\u00e3o procedimentos que todo mundo consegue realizar e fazem a diferen\u00e7a. Eu me sinto feliz e orgulhoso por eles estarem aprendendo e executando em situa\u00e7\u00f5es reais, evitando que trag\u00e9dias aconte\u00e7am\u201d, orgulha-se o instrutor do Programa Bombeiro Mirim de Araguatins, cabo Jeferson Martins Mouta Magalh\u00e3es.<\/p>\n\n\n\n<p><strong>Bombeiro Mirim<\/strong><\/p>\n\n\n\n<p>O projeto&nbsp;<em>Bombeiro Mirim<\/em>&nbsp;est\u00e1 com turmas nas cidades de Palmas, Gurupi, Aragua\u00edna, Porto Nacional e Araguatins, atendendo crian\u00e7as com idade entre 12 e 14 anos. O objetivo do Corpo de Bombeiros Militar, com o projeto, \u00e9 interagir com a comunidade, na base de forma\u00e7\u00e3o das crian\u00e7as, dos adolescentes e suas fam\u00edlias, inserindo os valores da \u00e9tica e cidadania, o respeito \u00e0 pluralidade cultural, a valoriza\u00e7\u00e3o e preserva\u00e7\u00e3o do meio ambiente, compromisso com as a\u00e7\u00f5es b\u00e1sicas de sa\u00fade e inser\u00e7\u00e3o do aluno no mundo globalizado de forma consciente e cr\u00edtico-transformador.<\/p>\n\n\n\n<p>Os alunos ainda recebem instru\u00e7\u00f5es com temas relacionados ao dia a dia do Corpo de Bombeiros Militar, como teorias e pr\u00e1ticas de primeiros-socorros, entre outros.<\/p>\n\n\n\n<p><img src=\"https:\/\/central.to.gov.br\/image\/330082?w=670&amp;h=383\"><\/p>\n\n\n\n<p>Wallyson Teles dos Santos usou a t\u00e9cnica que aprendeu nas aulas do Programa Educacional Bombeiro Mirim promovido pelo Corpo de Bombeiros Militar do Tocantins &#8211; CBMTO\/Governo do Tocantins<\/p>\n","protected":false},"excerpt":{"rendered":"<p>O araguatinense Wallyson Teles dos Santos tem apenas 13 anos, mas conseguiu salvar a vida da irm\u00e3 de dois anos. Quando Elysa Teles do Santos se engasgou, ele usou a&nbsp;t\u00e9cnica que aprendeu nas aulas do Programa Educacional Bombeiro Mirim (Proebom), promovido pelo Corpo de Bombeiros Militar do Tocantins (CBMTO), por meio da 3\u00aa Companhia de [&hellip;]<\/p>\n","protected":false},"author":2,"featured_media":15769,"comment_status":"open","ping_status":"open","sticky":false,"template":"","format":"standard","meta":[],"categories":[3],"tags":[13],"_links":{"self":[{"href":"https:\/\/dgospel.com.br\/portal\/index.php\/wp-json\/wp\/v2\/posts\/15768"}],"collection":[{"href":"https:\/\/dgospel.com.br\/portal\/index.php\/wp-json\/wp\/v2\/posts"}],"about":[{"href":"https:\/\/dgospel.com.br\/portal\/index.php\/wp-json\/wp\/v2\/types\/post"}],"author":[{"embeddable":true,"href":"https:\/\/dgospel.com.br\/portal\/index.php\/wp-json\/wp\/v2\/users\/2"}],"replies":[{"embeddable":true,"href":"https:\/\/dgospel.com.br\/portal\/index.php\/wp-json\/wp\/v2\/comments?post=15768"}],"version-history":[{"count":1,"href":"https:\/\/dgospel.com.br\/portal\/index.php\/wp-json\/wp\/v2\/posts\/15768\/revisions"}],"predecessor-version":[{"id":15770,"href":"https:\/\/dgospel.com.br\/portal\/index.php\/wp-json\/wp\/v2\/posts\/15768\/revisions\/15770"}],"wp:featuredmedia":[{"embeddable":true,"href":"https:\/\/dgospel.com.br\/portal\/index.php\/wp-json\/wp\/v2\/media\/15769"}],"wp:attachment":[{"href":"https:\/\/dgospel.com.br\/portal\/index.php\/wp-json\/wp\/v2\/media?parent=15768"}],"wp:term":[{"taxonomy":"category","embeddable":true,"href":"https:\/\/dgospel.com.br\/portal\/index.php\/wp-json\/wp\/v2\/categories?post=15768"},{"taxonomy":"post_tag","embeddable":true,"href":"https:\/\/dgospel.com.br\/portal\/index.php\/wp-json\/wp\/v2\/tags?post=15768"}],"curies":[{"name":"wp","href":"https:\/\/api.w.org\/{rel}","templated":true}]}}