{"id":15774,"date":"2023-05-17T21:44:10","date_gmt":"2023-05-18T00:44:10","guid":{"rendered":"http:\/\/dgospel.com.br\/portal\/?p=15774"},"modified":"2023-05-17T21:44:11","modified_gmt":"2023-05-18T00:44:11","slug":"conselho-de-desenvolvimento-economico-aprova-incentivos-fiscais-a-empresas-que-vao-gerar-empregos-no-tocantins","status":"publish","type":"post","link":"https:\/\/dgospel.com.br\/portal\/index.php\/2023\/05\/17\/conselho-de-desenvolvimento-economico-aprova-incentivos-fiscais-a-empresas-que-vao-gerar-empregos-no-tocantins\/","title":{"rendered":"Conselho de Desenvolvimento Econ\u00f4mico aprova incentivos fiscais a empresas que v\u00e3o gerar empregos no Tocantins"},"content":{"rendered":"\n<p>Membros do Conselho de Desenvolvimento Econ\u00f4mico do Tocantins (CDE-TO) se reuniram nesta quarta-feira, 17, para deliberar sobre a concess\u00e3o de benef\u00edcios fiscais a projetos de expans\u00e3o e implanta\u00e7\u00e3o de empresas, visando ao desenvolvimento econ\u00f4mico e \u00e0 gera\u00e7\u00e3o de empregos no Tocantins. A 119\u00aa reuni\u00e3o ordin\u00e1ria do CDE-TO ocorreu no gabinete da Secretaria de Estado da Ind\u00fastria, Com\u00e9rcio e Servi\u00e7os (Sics), montado no Pavilh\u00e3o do Desenvolvimento da Agrotins 2023.<\/p>\n\n\n\n<p>Os membros aprovaram dois processos que requeriam incentivos fiscais por meio do programa<em>&nbsp;Proind\u00fastria<\/em>; um deles contempla projeto de expans\u00e3o de uma ind\u00fastria de envazamento de \u00e1gua mineral localizada em Aparecida do Rio Negro. Com o incentivo, a empresa vai ampliar a atividade industrial.<\/p>\n\n\n\n<p>Em outro processo, os conselheiros aprovaram incentivo para a abertura de filial de uma ind\u00fastria de artefatos em concreto com matriz em Aragua\u00edna.<br><br>&#8220;As a\u00e7\u00f5es do Governo do Tocantins, somadas \u00e0s delibera\u00e7\u00f5es do CDE-TO, j\u00e1 resultaram na cria\u00e7\u00e3o de 15.771 postos de trabalho entre outubro de 2021 e dezembro de 2022. J\u00e1 no primeiro trimestre de 2023, foram criados mais de 4 mil empregos. As delibera\u00e7\u00f5es do Conselho impactam diretamente o processo de desenvolvimento econ\u00f4mico sustent\u00e1vel do Estado, buscando sempre o crescimento da empregabilidade e da arrecada\u00e7\u00e3o para que o Governo tenha maior capacidade de investimento&#8221;, afirmou o secret\u00e1rio de Estado da Ind\u00fastria, Com\u00e9rcio e Servi\u00e7os, Carlos Humberto Lima, que tamb\u00e9m preside o CDE-TO.<\/p>\n\n\n\n<p><strong>Fundo de Desenvolvimento<\/strong><\/p>\n\n\n\n<p>O Conselho tamb\u00e9m aprovou aporte no valor de R$ 4 milh\u00f5es provenientes do Fundo de Desenvolvimento Econ\u00f4mico do Tocantins (FDE-TO) para a realiza\u00e7\u00e3o do mapeamento eletromagn\u00e9tico do Tocantins, um estudo que revela potenciais jazidas minerais no territ\u00f3rio tocantinense. O investimento foi solicitado pelo Servi\u00e7o Geol\u00f3gico Brasileiro (SGB) e pela Federa\u00e7\u00e3o das Ind\u00fastrias do Tocantins (Fieto).<\/p>\n\n\n\n<p>Os conselheiros decidiram, ainda, que o FDE-TO vai financiar tamb\u00e9m um curso de capacita\u00e7\u00e3o e implanta\u00e7\u00e3o da nova lei de licita\u00e7\u00f5es e contratos, que ser\u00e1 realizado pela Sics. O investimento aprovado pelo Conselho foi no valor de R$ 70 mil.<\/p>\n\n\n\n<p><strong>CDE<\/strong><\/p>\n\n\n\n<p>O Conselho Estadual de Desenvolvimento Econ\u00f4mico \u00e9 composto por 11 membros representantes da iniciativa p\u00fablica e privada. O \u00f3rg\u00e3o \u00e9 respons\u00e1vel pela administra\u00e7\u00e3o dos programas de benef\u00edcios fiscais e de outros projetos de desenvolvimento econ\u00f4mico no Estado e por gerir o Fundo de Desenvolvimento Econ\u00f4mico.<\/p>\n\n\n\n<p>Entre as entidades e \u00f3rg\u00e3os que fazem parte do Conselho est\u00e3o: Secretaria de Estado da Fazenda (Sefaz); Secretaria de Estado da Agricultura e Pecu\u00e1ria (Seagro); Secretaria de Estado do Trabalho e do Desenvolvimento Social (Setas); Federa\u00e7\u00e3o das Ind\u00fastrias do Estado do Tocantins (Fieto); Federa\u00e7\u00e3o do Com\u00e9rcio do Tocantins (Fecom\u00e9rcio), Federa\u00e7\u00e3o das Associa\u00e7\u00f5es de Com\u00e9rcio e Ind\u00fastria do Estado do Tocantins (Faciet), Federa\u00e7\u00e3o da Agricultura do Estado do Tocantins (Faet) e Servi\u00e7o Brasileiro de Apoio \u00e0s Micro e Pequenas Empresas (Sebrae).<\/p>\n","protected":false},"excerpt":{"rendered":"<p>Membros do Conselho de Desenvolvimento Econ\u00f4mico do Tocantins (CDE-TO) se reuniram nesta quarta-feira, 17, para deliberar sobre a concess\u00e3o de benef\u00edcios fiscais a projetos de expans\u00e3o e implanta\u00e7\u00e3o de empresas, visando ao desenvolvimento econ\u00f4mico e \u00e0 gera\u00e7\u00e3o de empregos no Tocantins. A 119\u00aa reuni\u00e3o ordin\u00e1ria do CDE-TO ocorreu no gabinete da Secretaria de Estado da [&hellip;]<\/p>\n","protected":false},"author":2,"featured_media":15775,"comment_status":"open","ping_status":"open","sticky":false,"template":"","format":"standard","meta":[],"categories":[3],"tags":[13],"_links":{"self":[{"href":"https:\/\/dgospel.com.br\/portal\/index.php\/wp-json\/wp\/v2\/posts\/15774"}],"collection":[{"href":"https:\/\/dgospel.com.br\/portal\/index.php\/wp-json\/wp\/v2\/posts"}],"about":[{"href":"https:\/\/dgospel.com.br\/portal\/index.php\/wp-json\/wp\/v2\/types\/post"}],"author":[{"embeddable":true,"href":"https:\/\/dgospel.com.br\/portal\/index.php\/wp-json\/wp\/v2\/users\/2"}],"replies":[{"embeddable":true,"href":"https:\/\/dgospel.com.br\/portal\/index.php\/wp-json\/wp\/v2\/comments?post=15774"}],"version-history":[{"count":1,"href":"https:\/\/dgospel.com.br\/portal\/index.php\/wp-json\/wp\/v2\/posts\/15774\/revisions"}],"predecessor-version":[{"id":15776,"href":"https:\/\/dgospel.com.br\/portal\/index.php\/wp-json\/wp\/v2\/posts\/15774\/revisions\/15776"}],"wp:featuredmedia":[{"embeddable":true,"href":"https:\/\/dgospel.com.br\/portal\/index.php\/wp-json\/wp\/v2\/media\/15775"}],"wp:attachment":[{"href":"https:\/\/dgospel.com.br\/portal\/index.php\/wp-json\/wp\/v2\/media?parent=15774"}],"wp:term":[{"taxonomy":"category","embeddable":true,"href":"https:\/\/dgospel.com.br\/portal\/index.php\/wp-json\/wp\/v2\/categories?post=15774"},{"taxonomy":"post_tag","embeddable":true,"href":"https:\/\/dgospel.com.br\/portal\/index.php\/wp-json\/wp\/v2\/tags?post=15774"}],"curies":[{"name":"wp","href":"https:\/\/api.w.org\/{rel}","templated":true}]}}