{"id":15777,"date":"2023-05-17T21:59:18","date_gmt":"2023-05-18T00:59:18","guid":{"rendered":"http:\/\/dgospel.com.br\/portal\/?p=15777"},"modified":"2023-05-17T21:59:19","modified_gmt":"2023-05-18T00:59:19","slug":"igrejas-devem-criar-escolas-evangelicas-para-livrar-criancas-das-garras-da-esquerda-cobra-pastor-claudionor-de-andrade","status":"publish","type":"post","link":"https:\/\/dgospel.com.br\/portal\/index.php\/2023\/05\/17\/igrejas-devem-criar-escolas-evangelicas-para-livrar-criancas-das-garras-da-esquerda-cobra-pastor-claudionor-de-andrade\/","title":{"rendered":"Igrejas devem criar escolas evang\u00e9licas para livrar crian\u00e7as das garras da esquerda, cobra pastor Claudionor de Andrade"},"content":{"rendered":"\n<p>Um alerta sobre a educa\u00e7\u00e3o enquanto ferramenta de manipula\u00e7\u00e3o, feito pelo pastor Claudionor de Andrade, voltou a circular nas redes sociais. Ele cobrou a cria\u00e7\u00e3o de escolas evang\u00e9licas para proteger as crian\u00e7as da milit\u00e2ncia ideol\u00f3gica.<\/p>\n\n\n\n<p>A fala foi feita durante o Congresso Nacional da Escola B\u00edblica Dominical, que foi realizado pela Casa Publicadora das Assembleias de Deus (CPAD) no Rio de Janeiro.<\/p>\n\n\n\n<p>O evento, realizado em 2017, trouxe uma cobran\u00e7a do pastor \u00e0s igrejas evang\u00e9licas, em especial a Assembleia de Deus, para uma dedica\u00e7\u00e3o \u00e0 cria\u00e7\u00e3o de escolas evang\u00e9licas de forma\u00e7\u00e3o b\u00e1sica, que permitissem&nbsp;<a href=\"https:\/\/noticias.gospelmais.com.br\/nao-violentar-inocencia-criancas-ribeiro-148005.html\"><strong>tirar as crian\u00e7as do alcance<\/strong><\/a>&nbsp;da pedagogia construtivista.<\/p>\n\n\n\n<p>Andrade \u00e9 considerado um dos grandes te\u00f3logos pentecostais do Brasil, e ele pontuou que a igreja evang\u00e9lica precisa se portar como voz prof\u00e9tica contra o uso da educa\u00e7\u00e3o como arma de controle ideol\u00f3gico pelos partidos de esquerda:<\/p>\n\n\n\n<p>\u201cO governo que a\u00ed est\u00e1 procura desconstruir a \u00e9tica, a moral crist\u00e3, a teologia crist\u00e3. O governo que est\u00e1 a\u00ed procura desconstruir a Igreja de nosso Senhor Jesus Cristo para lan\u00e7ar as nossas crian\u00e7as em seu projeto revolucion\u00e1rio e deturpado. Mas isso n\u00e3o vamos permitir, porque somos a Igreja de nosso Senhor e Salvador Jesus Cristo\u201d, declarou.<\/p>\n\n\n\n<p>\u201cN\u00e3o se enganem, h\u00e1 alguns libert\u00e1rios tentando fazer com que os nossos adolescentes se corrompam, porque esses libert\u00e1rios j\u00e1 est\u00e3o corrompidos na mente, no esp\u00edrito e no corpo. E isso n\u00e3o vamos permitir\u201d, reiterou.<\/p>\n\n\n\n<h2>Escolas evang\u00e9licas<\/h2>\n\n\n\n<p>O pastor Andrade cobrou que as igrejas invistam em escolas b\u00e1sicas confessionais: \u201cEu fico muito triste quando vejo as nossas igrejas constru\u00edrem faculdades, constru\u00edrem universidades, mas n\u00e3o ligarem muita import\u00e2ncia \u00e0s escolas prim\u00e1rias e secund\u00e1rias. Eu sei que h\u00e1 igrejas que est\u00e3o fazendo trabalhos not\u00e1veis nessa \u00e1rea. Mas, s\u00e3o exce\u00e7\u00f5es\u201d.<\/p>\n\n\n\n<p>\u201cA grande maioria das igrejas ainda n\u00e3o se dedica \u00e0 constru\u00e7\u00e3o de escolas prim\u00e1rias e secund\u00e1rias para os nossos alunos. E precisamos fazer isso! Precisamos de escolas confessionais para as nossas crian\u00e7as. Para os nossos adolescentes. Para que recebam uma boa doutrina, senhores. Precisamos disso!\u201d, insistiu o pastor.<\/p>\n\n\n\n<p>Andrade lembrou que h\u00e1 exemplos a serem observados e que h\u00e1 demanda para viabilizar essas escolas: \u201c\u00c9 hora de n\u00f3s, pastores, acordarmos para essa grande responsabilidade. Para onde v\u00e3o as nossas crian\u00e7as quando pretendemos dar-lhes uma educa\u00e7\u00e3o de qualidade com moral e \u00e9tica? Procuramos as igrejas cat\u00f3licas e adventistas, sendo que n\u00f3s, a maior denomina\u00e7\u00e3o evang\u00e9lica do Brasil, ainda n\u00e3o temos tais projetos\u201d.<\/p>\n\n\n\n<p>\u201c\u00c9 chegado o momento de termos tais escolas para todos os n\u00edveis, e n\u00e3o universidades. Queremos universidades. \u00c9 bom termos escolas superiores. Mas precisamos de escolaridade b\u00e1sica para salvarmos nossas crian\u00e7as dessa educa\u00e7\u00e3o apodrecida que as esquerdas querem impingir-nos em nosso pa\u00eds\u201d, urgiu.<\/p>\n\n\n\n<p>O pastor Claudionor de Andrade citou que os materiais produzidos pela CPAD para as escolas b\u00edblicas dominicais s\u00e3o um ant\u00eddoto \u00e0 manipula\u00e7\u00e3o progressista nas escolas:<\/p>\n\n\n\n<p>\u201cVejam o que os nossos alunos est\u00e3o estudando esse trimestre: que a B\u00edblia \u00e9 a b\u00fassola da vida; Eles est\u00e3o estudando que Deus \u00e9 o nosso Pai; estudam tamb\u00e9m que Jesus Cristo \u00e9 o nosso irm\u00e3o mais velho, aquele que nos salvou! Enquanto os adolescentes a\u00ed se perdem, os nossos est\u00e3o se tornando relevantes para a Igreja e para a sociedade. Aqui est\u00e1 uma simples revista, que pode salvar o seu adolescente do inferno!\u201d,&nbsp;<a target=\"_blank\" href=\"https:\/\/www.instagram.com\/reel\/CsSG3kVrRdJ\/\" rel=\"noreferrer noopener\">finalizou<\/a>.<\/p>\n","protected":false},"excerpt":{"rendered":"<p>Um alerta sobre a educa\u00e7\u00e3o enquanto ferramenta de manipula\u00e7\u00e3o, feito pelo pastor Claudionor de Andrade, voltou a circular nas redes sociais. Ele cobrou a cria\u00e7\u00e3o de escolas evang\u00e9licas para proteger as crian\u00e7as da milit\u00e2ncia ideol\u00f3gica. A fala foi feita durante o Congresso Nacional da Escola B\u00edblica Dominical, que foi realizado pela Casa Publicadora das Assembleias [&hellip;]<\/p>\n","protected":false},"author":2,"featured_media":15778,"comment_status":"open","ping_status":"open","sticky":false,"template":"","format":"standard","meta":[],"categories":[5],"tags":[],"_links":{"self":[{"href":"https:\/\/dgospel.com.br\/portal\/index.php\/wp-json\/wp\/v2\/posts\/15777"}],"collection":[{"href":"https:\/\/dgospel.com.br\/portal\/index.php\/wp-json\/wp\/v2\/posts"}],"about":[{"href":"https:\/\/dgospel.com.br\/portal\/index.php\/wp-json\/wp\/v2\/types\/post"}],"author":[{"embeddable":true,"href":"https:\/\/dgospel.com.br\/portal\/index.php\/wp-json\/wp\/v2\/users\/2"}],"replies":[{"embeddable":true,"href":"https:\/\/dgospel.com.br\/portal\/index.php\/wp-json\/wp\/v2\/comments?post=15777"}],"version-history":[{"count":1,"href":"https:\/\/dgospel.com.br\/portal\/index.php\/wp-json\/wp\/v2\/posts\/15777\/revisions"}],"predecessor-version":[{"id":15779,"href":"https:\/\/dgospel.com.br\/portal\/index.php\/wp-json\/wp\/v2\/posts\/15777\/revisions\/15779"}],"wp:featuredmedia":[{"embeddable":true,"href":"https:\/\/dgospel.com.br\/portal\/index.php\/wp-json\/wp\/v2\/media\/15778"}],"wp:attachment":[{"href":"https:\/\/dgospel.com.br\/portal\/index.php\/wp-json\/wp\/v2\/media?parent=15777"}],"wp:term":[{"taxonomy":"category","embeddable":true,"href":"https:\/\/dgospel.com.br\/portal\/index.php\/wp-json\/wp\/v2\/categories?post=15777"},{"taxonomy":"post_tag","embeddable":true,"href":"https:\/\/dgospel.com.br\/portal\/index.php\/wp-json\/wp\/v2\/tags?post=15777"}],"curies":[{"name":"wp","href":"https:\/\/api.w.org\/{rel}","templated":true}]}}