{"id":1578,"date":"2018-10-11T17:28:13","date_gmt":"2018-10-11T20:28:13","guid":{"rendered":"http:\/\/dgospel.com.br\/portal\/?p=1578"},"modified":"2018-10-11T17:28:13","modified_gmt":"2018-10-11T20:28:13","slug":"simone-dupla-simone-e-simaria-grava-deus-de-promessas-com-davi-sacer","status":"publish","type":"post","link":"https:\/\/dgospel.com.br\/portal\/index.php\/2018\/10\/11\/simone-dupla-simone-e-simaria-grava-deus-de-promessas-com-davi-sacer\/","title":{"rendered":"Simone dupla Simone e Simaria grava \u201cDeus de promessas\u201d com Davi Sacer"},"content":{"rendered":"<p>Recentemente, a composi\u00e7\u00e3o \u201cDeus de promessas\u201d que \u00e9 de autoria do compositor Davi Sacer, foi gravada junto com Simone, da dupla Simone e Simaria.<\/p>\n<p>O single \u00e9 o primeiro lan\u00e7amento do DVD comemorativo dos 15 anos de carreira do cantor. A grava\u00e7\u00e3o foi feita no est\u00fadio da Som Livre, no Rio de Janeiro.<\/p>\n<p>\u201cEsse projeto vem num momento muito especial, porque nada melhor do que comemorar esses anos de trabalho cantando os louvores que marcaram n\u00e3o apenas a minha hist\u00f3ria, mas a de milhares de pessoas pelo Brasil e pelo mundo\u201d, disse o cantor.<\/p>\n<p>\u201cO maior anseio do meu cora\u00e7\u00e3o \u00e9 fazer com que a minha participa\u00e7\u00e3o nesse projeto lindo permita que a m\u00fasica do Davi, que leva uma mensagem t\u00e3o transformadora, possa alcan\u00e7ar tamb\u00e9m o meu p\u00fablico\u201d, complementa Simone.<\/p>\n<p>No repert\u00f3rio de Davi Sacer 15 anos, que tem produ\u00e7\u00e3o musical de Ronald Fonseca, est\u00e3o 12 sucessos com novos arranjos e participa\u00e7\u00f5es especiais. O projeto tem dire\u00e7\u00e3o geral de Anselmo Trancoso, e o p\u00fablico vai conhecer uma faixa por m\u00eas, j\u00e1 a vers\u00e3o f\u00edsica ser\u00e1 distribu\u00edda ap\u00f3s todos os lan\u00e7amentos.<\/p>\n<p>Assista!<\/p>\n<p><iframe loading=\"lazy\" title=\"Davi Sacer - Deus de Promessas part. Simone (15 Anos) [V\u00eddeo Oficial]\" width=\"630\" height=\"354\" src=\"https:\/\/www.youtube.com\/embed\/meiqsELWxNs?feature=oembed\" frameborder=\"0\" allow=\"accelerometer; autoplay; encrypted-media; gyroscope; picture-in-picture\" allowfullscreen><\/iframe><\/p>\n<p>por Cris Beloni &#8211; gospelprime<\/p>\n","protected":false},"excerpt":{"rendered":"<p>Recentemente, a composi\u00e7\u00e3o \u201cDeus de promessas\u201d que \u00e9 de autoria do compositor Davi Sacer, foi gravada junto com Simone, da dupla Simone e Simaria. O single \u00e9 o primeiro lan\u00e7amento do DVD comemorativo dos 15 anos de carreira do cantor. A grava\u00e7\u00e3o foi feita no est\u00fadio da Som Livre, no Rio de Janeiro. \u201cEsse projeto [&hellip;]<\/p>\n","protected":false},"author":2,"featured_media":1579,"comment_status":"open","ping_status":"open","sticky":false,"template":"","format":"standard","meta":[],"categories":[2,5,6],"tags":[],"_links":{"self":[{"href":"https:\/\/dgospel.com.br\/portal\/index.php\/wp-json\/wp\/v2\/posts\/1578"}],"collection":[{"href":"https:\/\/dgospel.com.br\/portal\/index.php\/wp-json\/wp\/v2\/posts"}],"about":[{"href":"https:\/\/dgospel.com.br\/portal\/index.php\/wp-json\/wp\/v2\/types\/post"}],"author":[{"embeddable":true,"href":"https:\/\/dgospel.com.br\/portal\/index.php\/wp-json\/wp\/v2\/users\/2"}],"replies":[{"embeddable":true,"href":"https:\/\/dgospel.com.br\/portal\/index.php\/wp-json\/wp\/v2\/comments?post=1578"}],"version-history":[{"count":1,"href":"https:\/\/dgospel.com.br\/portal\/index.php\/wp-json\/wp\/v2\/posts\/1578\/revisions"}],"predecessor-version":[{"id":1580,"href":"https:\/\/dgospel.com.br\/portal\/index.php\/wp-json\/wp\/v2\/posts\/1578\/revisions\/1580"}],"wp:featuredmedia":[{"embeddable":true,"href":"https:\/\/dgospel.com.br\/portal\/index.php\/wp-json\/wp\/v2\/media\/1579"}],"wp:attachment":[{"href":"https:\/\/dgospel.com.br\/portal\/index.php\/wp-json\/wp\/v2\/media?parent=1578"}],"wp:term":[{"taxonomy":"category","embeddable":true,"href":"https:\/\/dgospel.com.br\/portal\/index.php\/wp-json\/wp\/v2\/categories?post=1578"},{"taxonomy":"post_tag","embeddable":true,"href":"https:\/\/dgospel.com.br\/portal\/index.php\/wp-json\/wp\/v2\/tags?post=1578"}],"curies":[{"name":"wp","href":"https:\/\/api.w.org\/{rel}","templated":true}]}}