{"id":15786,"date":"2023-05-19T09:05:34","date_gmt":"2023-05-19T12:05:34","guid":{"rendered":"http:\/\/dgospel.com.br\/portal\/?p=15786"},"modified":"2023-05-19T09:29:49","modified_gmt":"2023-05-19T12:29:49","slug":"marcha-para-jesus-em-palmas-promete-impactar-a-capital-a-igreja-esta-de-pe","status":"publish","type":"post","link":"https:\/\/dgospel.com.br\/portal\/index.php\/2023\/05\/19\/marcha-para-jesus-em-palmas-promete-impactar-a-capital-a-igreja-esta-de-pe\/","title":{"rendered":"Marcha para Jesus em Palmas promete impactar a capital \u201cA Igreja est\u00e1 de P\u00e9\u201d"},"content":{"rendered":"\n<p>No pr\u00f3ximo dia 20 de maio, a cidade de Palmas se prepara para receber a Marcha para Jesus, um evento que promete impactar a capital, reunindo milhares de pessoas em uma grande manifesta\u00e7\u00e3o de f\u00e9 e adora\u00e7\u00e3o. Com o tema \u201cA Igreja est\u00e1 de P\u00e9\u201d, a marcha busca fortalecer a uni\u00e3o entre os fi\u00e9is e celebrar a import\u00e2ncia da igreja na sociedade.<\/p>\n\n\n\n<p>A Pra\u00e7a dos Girass\u00f3is ser\u00e1 o palco desse encontro especial, onde os participantes poder\u00e3o desfrutar de uma programa\u00e7\u00e3o diversificada, com a presen\u00e7a confirmada de renomados cantores nacionais e talentosos artistas regionais. Entre os destaques est\u00e3o Davi Sacer, Israel Salazar, Theo Rubia, Valesca Maysa, Nathalia Braga, Jefferson e Suellen, Marcos Nunes e Gisele Nascimento. Al\u00e9m disso, os cantores regionais Daniel Noronha, Matheus Reis, Rubens Uchoa e Mois\u00e9s de Carvalho, juntamente com a Banda Macto, tamb\u00e9m estar\u00e3o presentes, enriquecendo o evento com sua arte e m\u00fasica.<\/p>\n\n\n\n<p>A organiza\u00e7\u00e3o estima a produ\u00e7\u00e3o de aproximadamente 2.000 camisetas, que est\u00e3o sendo vendidas na livraria Mundo Gospel, no centro da cidade, e na Ruth Noivas, na regi\u00e3o sul da cidade em Taquaralto. Para adquirir, \u00e9 s\u00f3 procurar um dos pontos de venda. O valor promocional da camiseta \u00e9 apenas R$ 35. Haver\u00e1 venda da camiseta no local do evento, por\u00e9m, o valor ser\u00e1 de R$ 50. Ent\u00e3o, corra l\u00e1 e garanta a sua pelo pre\u00e7o promocional. A expectativa \u00e9 de que a marcha atraia um p\u00fablico entre 20 mil e 30 mil pessoas, demonstrando a for\u00e7a e o engajamento da comunidade religiosa.<\/p>\n\n\n\n<p>A log\u00edstica do evento est\u00e1 sendo cuidadosamente planejada para garantir o conforto e a seguran\u00e7a de todos os presentes. Um palco devidamente equipado ser\u00e1 montado para receber os pastores presidentes de minist\u00e9rios, pol\u00edticos e artistas, proporcionando uma experi\u00eancia \u00fanica aos fi\u00e9is. Al\u00e9m disso, haver\u00e1 sistemas de som e um tel\u00e3o de LED para transmitir os momentos mais emocionantes para todos os cantos da pra\u00e7a.<\/p>\n\n\n\n<p>Visando o bem-estar dos participantes, ser\u00e3o disponibilizados bebedouros e banheiros qu\u00edmicos em pontos estrat\u00e9gicos, assegurando a comodidade de todos. Para qualquer eventualidade, uma unidade de resgate estar\u00e1 presente para prestar os primeiros socorros, caso necess\u00e1rio.<\/p>\n\n\n\n<p>A seguran\u00e7a tamb\u00e9m \u00e9 uma prioridade no evento. Dez seguran\u00e7as privados estar\u00e3o atentos, cuidando do palco, camarim e camarote, para garantir que tudo ocorra tranquilamente. Al\u00e9m disso, haver\u00e1 o apoio da Pol\u00edcia Militar, que disponibilizar\u00e1 batedores para acompanhar a carreata e garantir a seguran\u00e7a dos participantes durante o percurso.<\/p>\n\n\n\n<p>A marcha contar\u00e1 com uma programa\u00e7\u00e3o diversificada, envolvendo n\u00e3o apenas os participantes a p\u00e9, mas tamb\u00e9m motociclistas, ciclistas e at\u00e9 mesmo uma cavalgada, tornando o evento ainda mais representativo e inclusivo.<\/p>\n\n\n\n<p>Os apoiadores do evento s\u00e3o: Governo do Estado do Tocantins, Prefeitura de Palmas, Jairo Mariano (Deputado Estadual), Jorge Frederico (Deputado Federal), Radio Paz FM, TV Anhanguera, TV Record, TV SBT, al\u00e9m dos patrocinadores e parceiros da Marcha para Jesus em Palmas, empresas e institui\u00e7\u00f5es comprometidas em apoiar essa importante manifesta\u00e7\u00e3o de f\u00e9. Entre eles, destacam-se Aguiar Multimusic, Grupo Monte Si\u00e3o, Grupo Jorima, Bem Barato Supermercado, Grantec, BRK, Atual Cargas e Ivoneth Buffet. Al\u00e9m desses, as igrejas locais s\u00e3o consideradas parceiras fundamentais, contribuindo para a realiza\u00e7\u00e3o do evento.<\/p>\n","protected":false},"excerpt":{"rendered":"<p>No pr\u00f3ximo dia 20 de maio, a cidade de Palmas se prepara para receber a Marcha para Jesus, um evento que promete impactar a capital, reunindo milhares de pessoas em uma grande manifesta\u00e7\u00e3o de f\u00e9 e adora\u00e7\u00e3o. Com o tema \u201cA Igreja est\u00e1 de P\u00e9\u201d, a marcha busca fortalecer a uni\u00e3o entre os fi\u00e9is e [&hellip;]<\/p>\n","protected":false},"author":2,"featured_media":15787,"comment_status":"open","ping_status":"open","sticky":false,"template":"","format":"standard","meta":[],"categories":[5],"tags":[],"_links":{"self":[{"href":"https:\/\/dgospel.com.br\/portal\/index.php\/wp-json\/wp\/v2\/posts\/15786"}],"collection":[{"href":"https:\/\/dgospel.com.br\/portal\/index.php\/wp-json\/wp\/v2\/posts"}],"about":[{"href":"https:\/\/dgospel.com.br\/portal\/index.php\/wp-json\/wp\/v2\/types\/post"}],"author":[{"embeddable":true,"href":"https:\/\/dgospel.com.br\/portal\/index.php\/wp-json\/wp\/v2\/users\/2"}],"replies":[{"embeddable":true,"href":"https:\/\/dgospel.com.br\/portal\/index.php\/wp-json\/wp\/v2\/comments?post=15786"}],"version-history":[{"count":1,"href":"https:\/\/dgospel.com.br\/portal\/index.php\/wp-json\/wp\/v2\/posts\/15786\/revisions"}],"predecessor-version":[{"id":15788,"href":"https:\/\/dgospel.com.br\/portal\/index.php\/wp-json\/wp\/v2\/posts\/15786\/revisions\/15788"}],"wp:featuredmedia":[{"embeddable":true,"href":"https:\/\/dgospel.com.br\/portal\/index.php\/wp-json\/wp\/v2\/media\/15787"}],"wp:attachment":[{"href":"https:\/\/dgospel.com.br\/portal\/index.php\/wp-json\/wp\/v2\/media?parent=15786"}],"wp:term":[{"taxonomy":"category","embeddable":true,"href":"https:\/\/dgospel.com.br\/portal\/index.php\/wp-json\/wp\/v2\/categories?post=15786"},{"taxonomy":"post_tag","embeddable":true,"href":"https:\/\/dgospel.com.br\/portal\/index.php\/wp-json\/wp\/v2\/tags?post=15786"}],"curies":[{"name":"wp","href":"https:\/\/api.w.org\/{rel}","templated":true}]}}