{"id":15792,"date":"2023-05-19T09:23:34","date_gmt":"2023-05-19T12:23:34","guid":{"rendered":"http:\/\/dgospel.com.br\/portal\/?p=15792"},"modified":"2023-05-19T09:23:35","modified_gmt":"2023-05-19T12:23:35","slug":"na-abertura-da-agrotins-2023-wanderlei-reforca-a-importancia-de-parcerias-para-o-crescimento-agrotecnologico-do-estado","status":"publish","type":"post","link":"https:\/\/dgospel.com.br\/portal\/index.php\/2023\/05\/19\/na-abertura-da-agrotins-2023-wanderlei-reforca-a-importancia-de-parcerias-para-o-crescimento-agrotecnologico-do-estado\/","title":{"rendered":"Na abertura da Agrotins 2023, Wanderlei refor\u00e7a a import\u00e2ncia de parcerias para o crescimento agrotecnol\u00f3gico do Estado"},"content":{"rendered":"\n<p>O governador Wanderlei Barbosa abriu oficialmente a 23\u00aa edi\u00e7\u00e3o da Feira de Tecnologia Agropecu\u00e1ria do Tocantins (Agrotins 2023) na manh\u00e3 desta quinta-feira, 18. A solenidade ocorreu no Parque Agrotecnol\u00f3gico Engenheiro Agr\u00f4nomo Mauro Medanha, na rodovia TO-050, sa\u00edda para Porto Nacional, e contou com a presen\u00e7a de autoridades pol\u00edticas dos \u00e2mbitos estadual e nacional, como o deputado federal e presidente da C\u00e2mara dos Deputados, Arthur Lira. Ainda durante a abertura, foram entregues 15 escrituras de terras pelo Programa Nacional de Cr\u00e9dito Fundi\u00e1rio (PNCF) &#8211; Terra Brasil.<\/p>\n\n\n\n<p>Durante seu pronunciamento, o governador do Tocantins agradeceu a presen\u00e7a de Arthur Lira e refor\u00e7ou a necessidade de parcerias para que o Estado siga crescendo e se desenvolvendo economicamente.<\/p>\n\n\n\n<p>\u201cN\u00f3s precisamos de parcerias para buscar a solu\u00e7\u00e3o dos problemas e a Agrotins tem se mostrado um ponto de converg\u00eancia para dar essa for\u00e7a pol\u00edtica. Estive anteriormente com o Arthur Lira e pude perceber o quanto ele \u00e9 sens\u00edvel aos problemas do pa\u00eds e acess\u00edvel para que, juntos, busquemos solu\u00e7\u00f5es\u201d, refor\u00e7ou o governador, ao salientar, ainda, a presen\u00e7a do superintendente federal da Agricultura, Pecu\u00e1ria e Abastecimento, Rodrigo Guerra; e do secret\u00e1rio Nacional de Seguran\u00e7a P\u00fablica, Francisco Tadeu.<\/p>\n\n\n\n<p>\u201cN\u00f3s temos uma agricultura sintonizada com a preserva\u00e7\u00e3o ambiental. Aqui, n\u00e3o tem desmatamento ilegal e as queimadas s\u00e3o combatidas pelo projeto&nbsp;<em>Foco no Fogo<\/em>. Diminu\u00edmos toda essa agenda e melhoramos os nossos indicadores, mas n\u00f3s precisamos fazer muito mais\u201d, reconheceu Wanderlei Barbosa, ao destacar que o Tocantins estava com apenas 5 mil km\u00b2 de rodovias estaduais e, agora, j\u00e1 s\u00e3o mais de 14 mil km\u00b2 de asfalto, auxiliando no escoamento da produ\u00e7\u00e3o agropecu\u00e1ria. Com este gancho, o governador destacou a necessidade de aten\u00e7\u00e3o quanto \u00e0 finaliza\u00e7\u00e3o da rodovia federal BR-010. \u201cN\u00f3s queremos e precisamos de um congresso que entenda a import\u00e2ncia do Tocantins\u201d, frisou.<\/p>\n\n\n\n<p>Arthur Lira, que j\u00e1 visitou o Tocantins h\u00e1 cerca de 20 anos, informou que sempre teve vontade de investir no Estado. \u201cEm 2003, quando ouvi falar das vaquejadas da regi\u00e3o, visitei o Estado. A gente fazia cerca de 600 km por dia em estrada de barro. Na \u00e9poca, n\u00e3o tive condi\u00e7\u00f5es de comprar terras por aqui e, hoje, reconhe\u00e7o o quanto houve a valoriza\u00e7\u00e3o no Estado. Parabenizo a todos os produtores rurais do Tocantins que trabalham pela valoriza\u00e7\u00e3o do Estado, que \u00e9 cheio de oportunidades\u201d, salientou, ao agradecer pelo convite de estar na abertura oficial da Agrotins 2023. \u201c\u00c9 um prazer estar de volta neste Estado, sobretudo neste evento que, com seus n\u00fameros, expressam a pujan\u00e7a do agroneg\u00f3cio no Tocantins. \u00c9 fruto de uma convic\u00e7\u00e3o muito firme da voca\u00e7\u00e3o brasileira para o agroneg\u00f3cio\u201d, pontuou.<\/p>\n\n\n\n<p>A import\u00e2ncia da Feira tamb\u00e9m foi compartilhada pelo titular da Secretaria de Estado da Agricultura e Pecu\u00e1ria do Tocantins (Seagro), Jaime Caf\u00e9. \u201cA Agrotins \u00e9 precursora do desenvolvimento econ\u00f4mico do Tocantins. Todo ano constru\u00edmos essa estrutura, com muito trabalho, a fim de fomentar o conhecimento e as oportunidades de neg\u00f3cio que a agropecu\u00e1ria nos d\u00e1\u201d, enfatizou. O l\u00edder da Seagro destacou, ainda, a participa\u00e7\u00e3o dos mais de 800 expositores, desde empresas multinacionais at\u00e9 pequenos produtores que t\u00eam, na Agrotins, uma possibilidade de vitrine para expor seus produtos.<\/p>\n\n\n\n<p><strong>Terra Brasil<\/strong><\/p>\n\n\n\n<p>Ainda durante a abertura, foram entregues 15 escrituras de terras pelo Programa Nacional de Cr\u00e9dito Fundi\u00e1rio (Terra Brasil). O Programa oferece condi\u00e7\u00f5es para que os agricultores sem acesso \u00e0 terra ou com pouca terra possam comprar im\u00f3vel rural por meio de um financiamento de cr\u00e9dito rural. Ele \u00e9 um programa complementar da Reforma Agr\u00e1ria e oferece ao benefici\u00e1rio 25 anos para pagar, tr\u00eas anos de car\u00eancia, e juros que variam de 0,5% a 4%, conforme enquadramento, e, pagando em dia, t\u00eam rebate de at\u00e9 40%. O valor disponibilizado para as 15 pessoas atendidas foi de R$ 184.380,77.<\/p>\n\n\n\n<p>Outro tra\u00e7o relevante deste programa \u00e9 que o pr\u00f3prio produtor rural escolhe a terra que deseja comprar, havendo apenas um estudo de viabilidade para aprova\u00e7\u00e3o. Foi o que aconteceu com o produtor rural Kaique Gomes Ribeiro, de 30 anos. Natural de Nazar\u00e9 do Tocantins, na regi\u00e3o do Bico do Papagaio, Kaique Gomes contou que j\u00e1 trabalha na produ\u00e7\u00e3o rural h\u00e1 muito tempo, mas sempre na terra dos outros. \u201cEu sempre trabalhei na terra dos outros e, agora, trabalhar na nossa pr\u00f3pria terra \u00e9 mais gostoso. Eu s\u00f3 tenho a agradecer o Governo do Tocantins que, com a parceria do Governo Federal, est\u00e1 me possibilitando realizar esse sonho\u201d, afirmou.<\/p>\n\n\n\n<p>Assim como Kaique, a trabalhadora rural Iacy Alves de Sousa, de Santa Terezinha do Tocantins, tamb\u00e9m no extremo norte do Tocantins, recebeu a escritura por meio do Terra Brasil durante a abertura oficial da Agrotins 2023. \u201cSempre trabalhei na ro\u00e7a dos outros, mas tinha aquela vontade de conseguir uma terrinha para mim.&nbsp;Hoje, eu consegui, gra\u00e7as a Deus, e j\u00e1 quero plantar milho e feij\u00e3o. S\u00f3 tenho a agradecer, porque estou muito feliz e muito realizada\u201d, comemorou.<\/p>\n\n\n\n<p>Al\u00e9m da terra, os recursos financiados podem ser utilizados na estrutura\u00e7\u00e3o da propriedade e do projeto produtivo, na contrata\u00e7\u00e3o de Assist\u00eancia T\u00e9cnica e Extens\u00e3o Rural (Ater), gerando oportunidade, autonomia e fortalecimento da agricultura familiar, alicer\u00e7ado na melhoria da qualidade de vida, gera\u00e7\u00e3o de renda, redu\u00e7\u00e3o da pobreza, seguran\u00e7a alimentar e sucess\u00e3o no campo para os agricultores familiares.<\/p>\n\n\n\n<p><img src=\"https:\/\/central.to.gov.br\/image\/330369?w=670&amp;h=383\"><\/p>\n\n\n\n<p>A solenidade contou com a presen\u00e7a de autoridades pol\u00edticas dos \u00e2mbitos estadual e nacional, como o deputado federal e presidente da C\u00e2mara dos Deputados, Arthur Lira &#8211; Esequias Ara\u00fajo\/Governo do Tocantins<\/p>\n\n\n\n<p><img src=\"https:\/\/central.to.gov.br\/image\/330370?w=670&amp;h=383\"><\/p>\n\n\n\n<p>O superintendente federal da Agricultura, Pecu\u00e1ria e Abastecimento, Rodrigo Guerra; e o secret\u00e1rio Nacional de Seguran\u00e7a P\u00fablica, Francisco Tadeu, tamb\u00e9m participaram da abertura oficial da Agrotins 2023 &#8211; Esequias Ara\u00fajo\/Governo do Tocantins<\/p>\n\n\n\n<p><img src=\"https:\/\/central.to.gov.br\/image\/330371?w=670&amp;h=383\"><\/p>\n\n\n\n<p>Arthur Lira, que j\u00e1 visitou o Tocantins h\u00e1 cerca de 20 anos, informou que sempre teve vontade de investir no Estado &#8211; Antonio Gon\u00e7alves\/Governo do Tocantins\u00a0<\/p>\n\n\n\n<p><img src=\"https:\/\/central.to.gov.br\/image\/330372?w=670&amp;h=383\"><\/p>\n\n\n\n<p>Ainda durante a abertura, foram entregues 15 escrituras de terras pelo Programa Nacional de Cr\u00e9dito Fundi\u00e1rio (Terra Brasil) &#8211; Esequias Ara\u00fajo\/Governo do Tocantins\u00a0<\/p>\n\n\n\n<p><img src=\"https:\/\/central.to.gov.br\/image\/330373?w=670&amp;h=383\"><\/p>\n\n\n\n<p>A import\u00e2ncia da Feira tamb\u00e9m foi compartilhada pelo secret\u00e1rio de Estado da Agricultura e Pecu\u00e1ria do Tocantins (Seagro), Jaime Caf\u00e9 &#8211; Esequias Ara\u00fajo\/Governo do Tocantins\u00a0<\/p>\n\n\n\n<p><img src=\"https:\/\/central.to.gov.br\/image\/330374?w=670&amp;h=383\"><\/p>\n\n\n\n<p>A trabalhadora rural Iacy Alves de Sousa, de Santa Terezinha do Tocantins, tamb\u00e9m no extremo norte do Tocantins, recebeu a escritura por meio do Terra Brasil &#8211; Loise Maria\/Governo do Tocantins\u00a0<\/p>\n\n\n\n<p><img src=\"https:\/\/central.to.gov.br\/image\/330375?w=670&amp;h=383\"><\/p>\n\n\n\n<p>O produtor rural Kaique Gomes Ribeiro, de 30 anos, natural de Nazar\u00e9 do Tocantins, na regi\u00e3o do Bico do Papagaio, foi um dos beneficiados com o programa Terra Brasil &#8211; Loise Maria\/Governo do Tocantins<\/p>\n","protected":false},"excerpt":{"rendered":"<p>O governador Wanderlei Barbosa abriu oficialmente a 23\u00aa edi\u00e7\u00e3o da Feira de Tecnologia Agropecu\u00e1ria do Tocantins (Agrotins 2023) na manh\u00e3 desta quinta-feira, 18. A solenidade ocorreu no Parque Agrotecnol\u00f3gico Engenheiro Agr\u00f4nomo Mauro Medanha, na rodovia TO-050, sa\u00edda para Porto Nacional, e contou com a presen\u00e7a de autoridades pol\u00edticas dos \u00e2mbitos estadual e nacional, como o [&hellip;]<\/p>\n","protected":false},"author":2,"featured_media":15793,"comment_status":"open","ping_status":"open","sticky":false,"template":"","format":"standard","meta":[],"categories":[3],"tags":[13],"_links":{"self":[{"href":"https:\/\/dgospel.com.br\/portal\/index.php\/wp-json\/wp\/v2\/posts\/15792"}],"collection":[{"href":"https:\/\/dgospel.com.br\/portal\/index.php\/wp-json\/wp\/v2\/posts"}],"about":[{"href":"https:\/\/dgospel.com.br\/portal\/index.php\/wp-json\/wp\/v2\/types\/post"}],"author":[{"embeddable":true,"href":"https:\/\/dgospel.com.br\/portal\/index.php\/wp-json\/wp\/v2\/users\/2"}],"replies":[{"embeddable":true,"href":"https:\/\/dgospel.com.br\/portal\/index.php\/wp-json\/wp\/v2\/comments?post=15792"}],"version-history":[{"count":1,"href":"https:\/\/dgospel.com.br\/portal\/index.php\/wp-json\/wp\/v2\/posts\/15792\/revisions"}],"predecessor-version":[{"id":15794,"href":"https:\/\/dgospel.com.br\/portal\/index.php\/wp-json\/wp\/v2\/posts\/15792\/revisions\/15794"}],"wp:featuredmedia":[{"embeddable":true,"href":"https:\/\/dgospel.com.br\/portal\/index.php\/wp-json\/wp\/v2\/media\/15793"}],"wp:attachment":[{"href":"https:\/\/dgospel.com.br\/portal\/index.php\/wp-json\/wp\/v2\/media?parent=15792"}],"wp:term":[{"taxonomy":"category","embeddable":true,"href":"https:\/\/dgospel.com.br\/portal\/index.php\/wp-json\/wp\/v2\/categories?post=15792"},{"taxonomy":"post_tag","embeddable":true,"href":"https:\/\/dgospel.com.br\/portal\/index.php\/wp-json\/wp\/v2\/tags?post=15792"}],"curies":[{"name":"wp","href":"https:\/\/api.w.org\/{rel}","templated":true}]}}