{"id":15795,"date":"2023-05-19T09:26:32","date_gmt":"2023-05-19T12:26:32","guid":{"rendered":"http:\/\/dgospel.com.br\/portal\/?p=15795"},"modified":"2023-05-19T09:26:33","modified_gmt":"2023-05-19T12:26:33","slug":"wanderlei-barbosa-realiza-solenidade-para-homenagear-os-policiais-militares-que-atuaram-na-operacao-cangucu","status":"publish","type":"post","link":"https:\/\/dgospel.com.br\/portal\/index.php\/2023\/05\/19\/wanderlei-barbosa-realiza-solenidade-para-homenagear-os-policiais-militares-que-atuaram-na-operacao-cangucu\/","title":{"rendered":"Wanderlei Barbosa realiza solenidade para homenagear os policiais militares que atuaram na Opera\u00e7\u00e3o Cangu\u00e7u"},"content":{"rendered":"\n<p>Ap\u00f3s 40 dias de a\u00e7\u00e3o da Pol\u00edcia Militar do Estado do Tocantins (PMTO), chegou ao fim a Opera\u00e7\u00e3o Cangu\u00e7u. Para recepcionar todos os policiais que regressaram aos seus postos de origem, o governador do Tocantins, Wanderlei Barbosa, juntamente com o Comando da Policia Militar, realizou nessa quinta-feira, 18, uma cerim\u00f4nia em homenagem \u00e0 atua\u00e7\u00e3o dos policiais na opera\u00e7\u00e3o, no Quartel do Comando Geral da PMTO, em Palmas. Tamb\u00e9m estiveram presentes na solenidade o secret\u00e1rio nacional de Seguran\u00e7a P\u00fablica do Minist\u00e9rio da Justi\u00e7a, Tadeu de Alencar, o comandante-geral da PMTO, coronel M\u00e1rcio Ant\u00f4nio Barbosa de Mendon\u00e7a, e demais autoridades municipais, regionais, estaduais e federais.<\/p>\n\n\n\n<p>O governador Wanderlei Barbosa agradeceu a todas as autoridades, policiais e pessoas envolvidas na opera\u00e7\u00e3o e destacou que o Governo do Tocantins n\u00e3o medir\u00e1 esfor\u00e7os em defesa da seguran\u00e7a do povo tocantinense. \u201cNosso comando agiu de forma r\u00e1pida e realizou com maestria o que seria necess\u00e1rio para defender a popula\u00e7\u00e3o. Com o aux\u00edlio de for\u00e7as de outros estados, montamos uma equipe de policiais qualificados que defenderam a ordem e a lei no nosso Estado. Quero afirmar aos demais estados que podem contar com as for\u00e7as do Tocantins e, assim, vamos inaugurar um novo tipo de trabalho na seguran\u00e7a p\u00fablica, um modelo integrado para combater a criminalidade do nosso Pa\u00eds. Quero falar a cada homem, a cada mulher que estiveram nessa opera\u00e7\u00e3o, que \u00e9 muito gratificante receber todos em paz e voltando para suas fam\u00edlias\u201d, declarou.<\/p>\n\n\n\n<p>Cerca de 350 policiais militares dos estados do Tocantins, Mato Grosso, Goi\u00e1s, Par\u00e1 e Minas Gerais, juntamente com a Pol\u00edcia Civil do Tocantins, Pol\u00edcia Federal e Pol\u00edcia Rodovi\u00e1ria Federal, empreenderam esfor\u00e7os para capturar os suspeitos da tentativa de assalto a uma empresa de transporte de valores na cidade de Confresa- MT. Os militares combateram 32 situa\u00e7\u00f5es il\u00edcitas durante bloqueios policiais no per\u00edmetro da opera\u00e7\u00e3o e neutralizaram a a\u00e7\u00e3o de 18 indiv\u00edduos integrantes da quadrilha.<\/p>\n\n\n\n<p>No desfecho da opera\u00e7\u00e3o foram apreendidas 24 armas de fogo, dentre elas, dois fuzis 50 e 11 AKs 47. Foram apreendidos carregadores de diversas armas de fogo, mais de 2 mil muni\u00e7\u00f5es, coletes bal\u00edsticos, capacetes bal\u00edsticos, materiais explosivos, detonadores, coturnos, luvas, joelheiras, cotoveleiras, balaclavas e mochilas.<\/p>\n\n\n\n<p>O secret\u00e1rio nacional de Seguran\u00e7a P\u00fablica, Tadeu de Alencar, ressaltou a rapidez e a lideran\u00e7a do Governo do Tocantins ao realizar a a\u00e7\u00e3o de combate aos criminosos. \u201cQuero parabenizar a decis\u00e3o do Governo que enfrentou esse ataque a autoridade do estado brasileiro com galhardia e pelo Governador n\u00e3o ter poupado esfor\u00e7os, assim como o coronel M\u00e1rcio Ant\u00f4nio Barbosa, que realizou uma lideran\u00e7a peculiar concluindo a opera\u00e7\u00e3o com \u00eaxito.&nbsp; Afirmo aqui meu compromisso que iremos apoiar sempre todos os estados brasileiros em a\u00e7\u00f5es necess\u00e1rias, assim como o Tocantins, pois \u00e9 nosso dever faz\u00ea-lo. N\u00e3o \u00e9 uma liberalidade, n\u00f3s precisamos de alinhamento pol\u00edtico para ajudar os estados quando eles precisam. Em mat\u00e9ria de seguran\u00e7a p\u00fablica n\u00e3o podemos nos dividir. O nosso dever \u00e9 estar presente e apoiar todos os estados\u201d, afirmou.<\/p>\n\n\n\n<p>O comandante-geral da PMTO, coronel M\u00e1rcio Ant\u00f4nio Barbosa de Mendon\u00e7a, salientou o suporte prestado pelo Governo do Tocantins aos militares tocantinenses e de outras unidades federativas para auxiliar na opera\u00e7\u00e3o. \u201cSem d\u00favidas, um dos grandes motivos de conseguirmos finalizar essa opera\u00e7\u00e3o com \u00eaxito foi ter o apoio do Governo do Tocantins em todo o momento, assim como a jun\u00e7\u00e3o de for\u00e7as dos demais estados, formando uma equipe de profissionais qualificados, habilitados para defender a nossa popula\u00e7\u00e3o dos criminosos que invadiram o nosso Estado. Nossos homens enfrentaram um bando extremamente perigoso, que estava muito bem armado com fuzil, granadas e outros utens\u00edlios. A minha maior alegria \u00e9 concretizar essa opera\u00e7\u00e3o trazendo de volta para casa e devolvendo a suas fam\u00edlias e amigos todos os homens com vida que sa\u00edram daqui para cumprir com o seu dever e proteger a ordem do nosso Estado\u201d, expressou.<\/p>\n\n\n\n<p>O Comando da PMTO destacou que ser\u00e1 mantida a 2\u00aa fase da opera\u00e7\u00e3o com barreiras e bloqueios, enquanto o servi\u00e7o de intelig\u00eancia atuar\u00e1 para identificar poss\u00edveis criminosos que deram apoio ao restante da quadrilha.<\/p>\n\n\n\n<p><strong>Solenidade<\/strong><\/p>\n\n\n\n<p>Durante a solenidade de recep\u00e7\u00e3o e homenagem, foi realizada a entrega de medalhas de M\u00e9rito Policial Militar a todos policiais que, no desempenho de suas fun\u00e7\u00f5es, prestaram reconhecidamente relevantes servi\u00e7os \u00e0 corpora\u00e7\u00e3o policial militar tocantinense, ou praticaram atos de bravura, visando \u00e0 preserva\u00e7\u00e3o da ordem p\u00fablica, \u00e0 defesa das institui\u00e7\u00f5es ou o salvamento de vidas humanas.<\/p>\n\n\n\n<p>A esposa do soldado PM Garcia, Nicole Tavares, relatou a felicidade que aquele momento significava para quem estava aguardando um ente querido regressar a casa. \u201cForam dias de muita ang\u00fastia, mas a nossa esperan\u00e7a \u00e9 que sempre termine bem e que a miss\u00e3o seja cumprida da melhor forma. Eu s\u00f3 tenho gratid\u00e3o por ter dado tudo certo e todos terem regressado \u00e0 casa bem, concluindo a miss\u00e3o com \u00eaxito\u201d, declarou.<\/p>\n\n\n\n<p>O soldado PM Garcia expressou o orgulho de todos os envolvidos em honrar o nome da PMTO. \u201cTodos os militares estiveram empenhados em dar o seu melhor. Durante esses 40 dias, o diferencial para gente foi o apoio da popula\u00e7\u00e3o assim como dos \u00f3rg\u00e3os p\u00fablicos locais que nos auxiliaram de diversas formas. Nossa miss\u00e3o \u00e9 defender e trazer a paz para aquela regi\u00e3o\u201d.<\/p>\n\n\n\n<p>O governador Wanderlei Barbosa e o comandante-geral da PMTO, coronel M\u00e1rcio Ant\u00f4nio Barbosa de Mendon\u00e7a, tamb\u00e9m homenagearam o s\u00f3cio-propriet\u00e1rio da fazenda Jan, Joni S\u00e9rgio; o prefeito nmunicipal de Marian\u00f3polis, Isa\u00edas Piagem, e o secret\u00e1rio nacional de Seguran\u00e7a P\u00fablica, Tadeu Alencar, com a entrega da Medalha Tiradentes. A honraria \u00e9 concedida a todas as autoridades civis, militares e eclesi\u00e1sticas que tenham prestado relevantes servi\u00e7os ao Estado ou, em especial, \u00e0 corpora\u00e7\u00e3o ou no interesse desta.<\/p>\n\n\n\n<p>O propriet\u00e1rio rural Joni S\u00e9rgio, que teve inicialmente sua fazenda invadida pelos criminosos e posteriormente abrigou todos os policiais envolvidos na opera\u00e7\u00e3o, contou um pouco da sua viv\u00eancia. \u201cA gente jamais iria imaginar que o pessoal que assaltou Confresa, no Mato Grosso, iria chegar ao Tocantins, e que a rota de fuga seria a nossa fazenda. Mas assim que a gente conseguiu se livrar deles, cabia a n\u00f3s, como cidad\u00e3os, dar todo apoio \u00e0 pol\u00edcia. Movimentamos os funcion\u00e1rios da fazenda para dar todo suporte necess\u00e1rio para os policiais, dormida e alimenta\u00e7\u00e3o para todos. Fico muito feliz por ter contribu\u00eddo de alguma forma no trabalho da PM para conclus\u00e3o da ca\u00e7ada aos criminosos\u201d, relatou.<\/p>\n\n\n\n<p><strong>Opera\u00e7\u00e3o Cangu\u00e7u<\/strong><\/p>\n\n\n\n<p>No dia 9 de abril, cerca de 20 homens fortemente armados atacaram o Quartel da Pol\u00edcia Militar, em Confresa, deixando a popula\u00e7\u00e3o aterrorizada. O bando foi at\u00e9 a empresa de transporte de valores Brinks e explodiu o muro do local para roubar o dinheiro do cofre, mas n\u00e3o obteve sucesso. Em seguida, o grupo fugiu em dire\u00e7\u00e3o ao Tocantins e entrou no Estado pelos rios Jav\u00e1e e Araguaia. O bando estava dividido em seis carros, o que deu in\u00edcio a maior opera\u00e7\u00e3o policial integrada realizada no Norte do Pa\u00eds, a Opera\u00e7\u00e3o Cangu\u00e7u.<\/p>\n\n\n\n<p><img src=\"https:\/\/central.to.gov.br\/image\/330414?w=670&amp;h=383\"><\/p>\n\n\n\n<p>Governador Wanderlei Barbosa entrega medalha de M\u00e9rito Policial Militar a policiais pelo desempenho de suas fun\u00e7\u00f5es e atos de bravura &#8211; Antonio Gon\u00e7alves\/Governo do Tocantins<\/p>\n\n\n\n<p><img src=\"https:\/\/central.to.gov.br\/image\/330415?w=670&amp;h=383\"><\/p>\n\n\n\n<p>Secret\u00e1rio nacional de Seguran\u00e7a P\u00fablica do Minist\u00e9rio da Justi\u00e7a, Tadeu de Alencar, ressaltou a rapidez e a lideran\u00e7a do Governo do Tocantins ao realizar a a\u00e7\u00e3o de combate aos criminosos &#8211; Antonio Gon\u00e7alves\/Governo do Tocantins\u00a0<\/p>\n\n\n\n<p><img src=\"https:\/\/central.to.gov.br\/image\/330416?w=670&amp;h=383\"><\/p>\n\n\n\n<p>Comandante-geral da PMTO, coronel M\u00e1rcio Ant\u00f4nio Barbosa de Mendon\u00e7a, salientou o suporte prestado pelo Governo do Tocantins aos militares tocantinenses e de outras unidades federativas para auxiliar na opera\u00e7\u00e3o &#8211; Antonio Gon\u00e7alves\/Governo do Tocantins\u00a0<\/p>\n\n\n\n<p><img src=\"https:\/\/central.to.gov.br\/image\/330417?w=670&amp;h=383\"><\/p>\n\n\n\n<p>Governador Wanderlei Barbosa agradeceu a todas as autoridades, policiais e pessoas envolvidas na opera\u00e7\u00e3o e disse que o Governo do Tocantins n\u00e3o medir\u00e1 esfor\u00e7os em defesa da seguran\u00e7a do povo tocantinense &#8211; Antonio Gon\u00e7alves\/Governo do Tocantins\u00a0<\/p>\n\n\n\n<p><img src=\"https:\/\/central.to.gov.br\/image\/330418?w=670&amp;h=383\"><\/p>\n\n\n\n<p>Solenidade de entrega de honraria aos policiais militares foi prestigiada por autoridades pol\u00edticas do Estado &#8211; Antonio Gon\u00e7alves\/Governo do Tocantins\u00a0<\/p>\n\n\n\n<p><img src=\"https:\/\/central.to.gov.br\/image\/330419?w=670&amp;h=383\"><\/p>\n\n\n\n<p>Solenidade de entrega de honraria aos policiais militares foi prestigiada por autoridades pol\u00edticas do Estado &#8211; Antonio Gon\u00e7alves\/Governo do Tocantins\u00a0<\/p>\n\n\n\n<p><img src=\"https:\/\/central.to.gov.br\/image\/330420?w=670&amp;h=383\"><\/p>\n\n\n\n<p>Soldado PM Garcia expressou o orgulho de todos os envolvidos em honrar o nome da PMTO &#8211; Antonio Gon\u00e7alves\/Governo do Tocantins\u00a0<\/p>\n\n\n\n<p><img src=\"https:\/\/central.to.gov.br\/image\/330421?w=670&amp;h=383\"><\/p>\n\n\n\n<p>Opera\u00e7\u00e3o Cangu\u00e7u se tornou a maior opera\u00e7\u00e3o policial integrada realizada no Norte do pa\u00eds &#8211; Antonio Gon\u00e7alves\/Governo do Tocantins<\/p>\n","protected":false},"excerpt":{"rendered":"<p>Ap\u00f3s 40 dias de a\u00e7\u00e3o da Pol\u00edcia Militar do Estado do Tocantins (PMTO), chegou ao fim a Opera\u00e7\u00e3o Cangu\u00e7u. Para recepcionar todos os policiais que regressaram aos seus postos de origem, o governador do Tocantins, Wanderlei Barbosa, juntamente com o Comando da Policia Militar, realizou nessa quinta-feira, 18, uma cerim\u00f4nia em homenagem \u00e0 atua\u00e7\u00e3o dos [&hellip;]<\/p>\n","protected":false},"author":2,"featured_media":15796,"comment_status":"open","ping_status":"open","sticky":false,"template":"","format":"standard","meta":[],"categories":[3],"tags":[13],"_links":{"self":[{"href":"https:\/\/dgospel.com.br\/portal\/index.php\/wp-json\/wp\/v2\/posts\/15795"}],"collection":[{"href":"https:\/\/dgospel.com.br\/portal\/index.php\/wp-json\/wp\/v2\/posts"}],"about":[{"href":"https:\/\/dgospel.com.br\/portal\/index.php\/wp-json\/wp\/v2\/types\/post"}],"author":[{"embeddable":true,"href":"https:\/\/dgospel.com.br\/portal\/index.php\/wp-json\/wp\/v2\/users\/2"}],"replies":[{"embeddable":true,"href":"https:\/\/dgospel.com.br\/portal\/index.php\/wp-json\/wp\/v2\/comments?post=15795"}],"version-history":[{"count":1,"href":"https:\/\/dgospel.com.br\/portal\/index.php\/wp-json\/wp\/v2\/posts\/15795\/revisions"}],"predecessor-version":[{"id":15797,"href":"https:\/\/dgospel.com.br\/portal\/index.php\/wp-json\/wp\/v2\/posts\/15795\/revisions\/15797"}],"wp:featuredmedia":[{"embeddable":true,"href":"https:\/\/dgospel.com.br\/portal\/index.php\/wp-json\/wp\/v2\/media\/15796"}],"wp:attachment":[{"href":"https:\/\/dgospel.com.br\/portal\/index.php\/wp-json\/wp\/v2\/media?parent=15795"}],"wp:term":[{"taxonomy":"category","embeddable":true,"href":"https:\/\/dgospel.com.br\/portal\/index.php\/wp-json\/wp\/v2\/categories?post=15795"},{"taxonomy":"post_tag","embeddable":true,"href":"https:\/\/dgospel.com.br\/portal\/index.php\/wp-json\/wp\/v2\/tags?post=15795"}],"curies":[{"name":"wp","href":"https:\/\/api.w.org\/{rel}","templated":true}]}}