{"id":15798,"date":"2023-05-19T09:28:59","date_gmt":"2023-05-19T12:28:59","guid":{"rendered":"http:\/\/dgospel.com.br\/portal\/?p=15798"},"modified":"2023-05-19T09:29:00","modified_gmt":"2023-05-19T12:29:00","slug":"agrotins-2023-governo-alinha-acoes-do-tocantins-produtivo-com-foco-no-desenvolvimento-da-agricultura-familiar","status":"publish","type":"post","link":"https:\/\/dgospel.com.br\/portal\/index.php\/2023\/05\/19\/agrotins-2023-governo-alinha-acoes-do-tocantins-produtivo-com-foco-no-desenvolvimento-da-agricultura-familiar\/","title":{"rendered":"Agrotins 2023: Governo alinha a\u00e7\u00f5es do Tocantins Produtivo com foco no desenvolvimento da Agricultura Familiar"},"content":{"rendered":"\n<p>A Secretaria de Estado do Planejamento e Or\u00e7amento (Seplan) reuniu nesta quarta-feira, 17, secret\u00e1rios, presidentes de autarquias e t\u00e9cnicos de diversas pastas do Governo Estadual para fazer alinhamento de pol\u00edticas p\u00fablicas voltadas ao fortalecimento da agricultura familiar no Tocantins. O encontro ocorreu durante a realiza\u00e7\u00e3o da Agrotins 2023, no Parque Agrotecnol\u00f3gico Engenheiro Agr\u00f4nomo Mauro Medanha.<\/p>\n\n\n\n<p>O secret\u00e1rio de Estado do Planejamento e Or\u00e7amento, Sergislei Silva de Moura, conduziu a reuni\u00e3o com o vi\u00e9s do projeto&nbsp;<em>Tocantins Produtivo<\/em>, que est\u00e1 sendo formulado com o Banco Mundial e prev\u00ea investimentos de cerca de R$ 1,5 bilh\u00e3o no Estado, dos quais, por determina\u00e7\u00e3o do governador Wanderlei Barbosa, R$ 300 milh\u00f5es ser\u00e3o destinados \u00e0 agricultura familiar, aos pequenos produtores e \u00e0 agroind\u00fastria do Tocantins.<\/p>\n\n\n\n<p>Durante a reuni\u00e3o, foram pontuadas as necessidades de melhoria das condi\u00e7\u00f5es de trabalho do pequeno produtor, capacita\u00e7\u00f5es e atualiza\u00e7\u00e3o de normativas que podem facilitar a comercializa\u00e7\u00e3o dos produtos.<\/p>\n\n\n\n<p>O secret\u00e1rio de Estado da Agricultura e Pecu\u00e1ria, Jaime Caf\u00e9, destacou o protagonismo da agricultura familiar na agricultura tocantinense. \u201c\u00c9 na uni\u00e3o de esfor\u00e7os e entendendo o papel e a colabora\u00e7\u00e3o de cada entidade que iremos avan\u00e7ar na aten\u00e7\u00e3o b\u00e1sica ao pequeno produtor. A Seagro est\u00e1 animada com as possibilidades de crescimento do setor com o&nbsp;<em>Tocantins Produtivo<\/em>\u201d, enfatizou.<\/p>\n\n\n\n<p>Tamb\u00e9m presente na reuni\u00e3o, o presidente da Ag\u00eancia de Defesa Agropecu\u00e1ria do Tocantins (Adapec), Paulo Lima, alertou que as quest\u00f5es de inspe\u00e7\u00e3o e capacita\u00e7\u00e3o dos pequenos produtores da agricultura familiar s\u00e3o fundamentais para o desenvolvimento das cadeias produtivas. \u201cPrecisamos dar condi\u00e7\u00f5es de comercializa\u00e7\u00e3o dos produtos, capacitando e instruindo o pequeno produtor. \u00c9 fundamental atender as normas de inspe\u00e7\u00e3o e ter qualidade, ent\u00e3o temos que agir para que isso seja realizado, desburocratizando os processos, facilitando o acesso \u00e0s informa\u00e7\u00f5es e plantas b\u00e1sicas e dando condi\u00e7\u00f5es para que a agricultura familiar gere renda e mantenha a fam\u00edlia envolvida na produ\u00e7\u00e3o\u201d, elencou.<\/p>\n\n\n\n<p>&#8220;Juntando os esfor\u00e7os, podemos chegar a todos os cantos do Estado e melhorar a vida das fam\u00edlias produtoras. A equipe t\u00e9cnica do Ruraltins tem muito a contribuir com o projeto\u201d, afirmou o presidente do Instituto de Desenvolvimento Rural do Tocantins (Ruraltins), Washington Lu\u00eds.<\/p>\n\n\n\n<p>A secret\u00e1ria de Estado da Pesca e Aquicultura (Sepea), Miyuki Hyashida, tamb\u00e9m se posicionou durante a reuni\u00e3o. \u201cPrecisamos destravar as dificuldades da agroind\u00fastria no Tocantins, dando condi\u00e7\u00f5es do pequeno produtor almejar o crescimento e a venda dos seus produtos para a comunidade\u201d.<\/p>\n\n\n\n<p>De acordo com o titular da Seplan, Sergislei Silva de Moura, ser\u00e3o criados grupos de trabalho para definir as a\u00e7\u00f5es e as pol\u00edticas que ir\u00e3o impactar de forma assertiva o produtor rural, com trabalhos nas \u00e1reas legislativas, produtivas e de capacita\u00e7\u00e3o. \u201cO&nbsp;<em>Tocantins Produtivo<\/em>&nbsp;quer mudar a realidade da popula\u00e7\u00e3o e precisamos agir dentro das necessidades do homem do campo. O governador Wanderlei Barbosa quer a agricultura familiar e o pequeno produtor com orgulho de trabalhar no campo, gerando renda e qualidade de vida\u201d, frisou.<\/p>\n\n\n\n<p>O projeto ter\u00e1 envolvimento das pastas que atuam diretamente com o agricultor familiar,\u00a0com a produ\u00e7\u00e3o e a capacita\u00e7\u00e3o dos produtores, como Seagro, Sepea, Adapec, Ruraltins, Instituto Natureza do Tocantins (Naturatins), Secretaria de Estado do Trabalho e Desenvolvimento Social (Setas) e Universidade Estadual do Tocantins (Unitins).<\/p>\n\n\n\n<p><img src=\"https:\/\/central.to.gov.br\/image\/330397?w=670&amp;h=383\"><\/p>\n\n\n\n<p>Reuni\u00e3o com o vi\u00e9s do projeto Tocantins Produtivo, que est\u00e1 sendo formulado com o Banco Mundial e prev\u00ea investimentos de cerca de R$ 1,5 bilh\u00e3o para o Estado &#8211; Seplan\/Governo do Tocantins\u00a0<\/p>\n\n\n\n<p><img src=\"https:\/\/central.to.gov.br\/image\/330398?w=670&amp;h=383\"><\/p>\n\n\n\n<p>O Tocantins Produtivo em constru\u00e7\u00e3o para ser o projeto de mudan\u00e7a para a realidade da agricultura familiar no Tocantins &#8211; Seplan\/Governo do Tocantins\u00a0<\/p>\n","protected":false},"excerpt":{"rendered":"<p>A Secretaria de Estado do Planejamento e Or\u00e7amento (Seplan) reuniu nesta quarta-feira, 17, secret\u00e1rios, presidentes de autarquias e t\u00e9cnicos de diversas pastas do Governo Estadual para fazer alinhamento de pol\u00edticas p\u00fablicas voltadas ao fortalecimento da agricultura familiar no Tocantins. O encontro ocorreu durante a realiza\u00e7\u00e3o da Agrotins 2023, no Parque Agrotecnol\u00f3gico Engenheiro Agr\u00f4nomo Mauro Medanha. [&hellip;]<\/p>\n","protected":false},"author":2,"featured_media":15799,"comment_status":"open","ping_status":"open","sticky":false,"template":"","format":"standard","meta":[],"categories":[3],"tags":[13],"_links":{"self":[{"href":"https:\/\/dgospel.com.br\/portal\/index.php\/wp-json\/wp\/v2\/posts\/15798"}],"collection":[{"href":"https:\/\/dgospel.com.br\/portal\/index.php\/wp-json\/wp\/v2\/posts"}],"about":[{"href":"https:\/\/dgospel.com.br\/portal\/index.php\/wp-json\/wp\/v2\/types\/post"}],"author":[{"embeddable":true,"href":"https:\/\/dgospel.com.br\/portal\/index.php\/wp-json\/wp\/v2\/users\/2"}],"replies":[{"embeddable":true,"href":"https:\/\/dgospel.com.br\/portal\/index.php\/wp-json\/wp\/v2\/comments?post=15798"}],"version-history":[{"count":1,"href":"https:\/\/dgospel.com.br\/portal\/index.php\/wp-json\/wp\/v2\/posts\/15798\/revisions"}],"predecessor-version":[{"id":15800,"href":"https:\/\/dgospel.com.br\/portal\/index.php\/wp-json\/wp\/v2\/posts\/15798\/revisions\/15800"}],"wp:featuredmedia":[{"embeddable":true,"href":"https:\/\/dgospel.com.br\/portal\/index.php\/wp-json\/wp\/v2\/media\/15799"}],"wp:attachment":[{"href":"https:\/\/dgospel.com.br\/portal\/index.php\/wp-json\/wp\/v2\/media?parent=15798"}],"wp:term":[{"taxonomy":"category","embeddable":true,"href":"https:\/\/dgospel.com.br\/portal\/index.php\/wp-json\/wp\/v2\/categories?post=15798"},{"taxonomy":"post_tag","embeddable":true,"href":"https:\/\/dgospel.com.br\/portal\/index.php\/wp-json\/wp\/v2\/tags?post=15798"}],"curies":[{"name":"wp","href":"https:\/\/api.w.org\/{rel}","templated":true}]}}