{"id":15801,"date":"2023-05-19T18:14:25","date_gmt":"2023-05-19T21:14:25","guid":{"rendered":"http:\/\/dgospel.com.br\/portal\/?p=15801"},"modified":"2023-05-19T18:15:30","modified_gmt":"2023-05-19T21:15:30","slug":"deputado-gipao-marca-presenca-na-abertura-da-agrotins-e-reforca-apoio-ao-homem-do-campo","status":"publish","type":"post","link":"https:\/\/dgospel.com.br\/portal\/index.php\/2023\/05\/19\/deputado-gipao-marca-presenca-na-abertura-da-agrotins-e-reforca-apoio-ao-homem-do-campo\/","title":{"rendered":"Deputado Gip\u00e3o marca presen\u00e7a na abertura da Agrotins e refor\u00e7a apoio ao &#8220;homem do campo&#8221;"},"content":{"rendered":"\n<p>Ao lado do governador Wanderlei Barbosa, o deputado estadual Aldair Costa (Gip\u00e3o) recepcionou autoridades pol\u00edticas da esfera federal, durante a abertura da 23\u00aa edi\u00e7\u00e3o da Feira de Tecnologia Agropecu\u00e1ria do Tocantins (Agrotins 2023), nesta quinta-feira (18), no Parque Agrotecnol\u00f3gico Engenheiro Agr\u00f4nomo Mauro Medanha, em Palmas.<\/p>\n\n\n\n<p>Visitaram a feira o superintendente federal da agricultura, pecu\u00e1ria e abastecimento, Rodrigo Guerra e do deputado federal e presidente da C\u00e2mara dos Deputados, Arthur Lira.<\/p>\n\n\n\n<p>A Agrotins \u00e9 considerada a maior feira tecnol\u00f3gica, voltada para o agroneg\u00f3cio, do norte do pa\u00eds. Para o deputado Gip\u00e3o, o evento \u00e9 uma grande vitrine que exibe e promove o desenvolvimento do Tocantins para o mundo.<\/p>\n\n\n\n<p>\u201c\u00c9 de fundamental import\u00e2ncia que a Agrotins seja esse ponto de converg\u00eancia, promovendo debates de pol\u00edticas p\u00fablicas sobre a agricultura familiar, compartilhamento de experi\u00eancia, metodologias de cultivo, e ao mesmo tempo, apresentando aos produtores novas tecnologias. Precisamos refletir sobre a realidade do campo. Os nossos produtores rurais s\u00e3o fundamentais para a economia do nosso estado e merecem nossa aten\u00e7\u00e3o especial. A Agrotins re\u00fane muitos parceiros relevantes e proporciona um contato direto com o segmento, gerando resultados efetivos para o produtor do Tocantins\u201d, pontuou o parlamentar.<\/p>\n\n\n\n<p>Para a realiza\u00e7\u00e3o da Agrotins deste ano, o investimento feito pelo Governo foi de R$ 8 milh\u00f5es. Mas a expectativa \u00e9 chegar aos R$ 2 bilh\u00f5es em neg\u00f3cios at\u00e9 o final do evento.<\/p>\n\n\n\n<p>\u201cO que acontece aqui durante esses poucos dias reflete a for\u00e7a no nosso agro, muito al\u00e9m de nossas fronteiras. Os resultados da feira apresentados ao longo desses anos s\u00e3o positivos e s\u00f3 respaldam a import\u00e2ncia desse encontro que \u00e9 promovido pelo governo do estado\u201d, acrescentou Gip\u00e3o.<\/p>\n\n\n\n<p>Este ano, cerca de 850 expositores confirmaram participa\u00e7\u00e3o. A segmenta\u00e7\u00e3o de setores como pecu\u00e1ria e piscicultura e novas tecnologias voltadas \u00e0 agricultura familiar est\u00e3o entre as novidades deste ano.<\/p>\n\n\n\n<p>A feira, que tem como tema Compliance no Agro, segue at\u00e9 o pr\u00f3ximo s\u00e1bado (20).<\/p>\n\n\n\n<p>Cerca de 200 mil pessoas devem passar pela Feira nos pr\u00f3ximos dias. Palestras, exposi\u00e7\u00f5es est\u00e3o na programa\u00e7\u00e3o do evento, al\u00e9m de muita novidade para os produtores rurais.<\/p>\n\n\n\n<p>Para chegar ao local, basta acessar a rodovia TO-050 e seguir at\u00e9 a sa\u00edda para Porto Nacional, onde est\u00e1 localizado o Parque Agrotecnol\u00f3gico Engenheiro Agr\u00f4nomo Mauro Medanha.<\/p>\n","protected":false},"excerpt":{"rendered":"<p>Ao lado do governador Wanderlei Barbosa, o deputado estadual Aldair Costa (Gip\u00e3o) recepcionou autoridades pol\u00edticas da esfera federal, durante a abertura da 23\u00aa edi\u00e7\u00e3o da Feira de Tecnologia Agropecu\u00e1ria do Tocantins (Agrotins 2023), nesta quinta-feira (18), no Parque Agrotecnol\u00f3gico Engenheiro Agr\u00f4nomo Mauro Medanha, em Palmas. Visitaram a feira o superintendente federal da agricultura, pecu\u00e1ria e [&hellip;]<\/p>\n","protected":false},"author":2,"featured_media":15802,"comment_status":"open","ping_status":"open","sticky":false,"template":"","format":"standard","meta":[],"categories":[8],"tags":[],"_links":{"self":[{"href":"https:\/\/dgospel.com.br\/portal\/index.php\/wp-json\/wp\/v2\/posts\/15801"}],"collection":[{"href":"https:\/\/dgospel.com.br\/portal\/index.php\/wp-json\/wp\/v2\/posts"}],"about":[{"href":"https:\/\/dgospel.com.br\/portal\/index.php\/wp-json\/wp\/v2\/types\/post"}],"author":[{"embeddable":true,"href":"https:\/\/dgospel.com.br\/portal\/index.php\/wp-json\/wp\/v2\/users\/2"}],"replies":[{"embeddable":true,"href":"https:\/\/dgospel.com.br\/portal\/index.php\/wp-json\/wp\/v2\/comments?post=15801"}],"version-history":[{"count":2,"href":"https:\/\/dgospel.com.br\/portal\/index.php\/wp-json\/wp\/v2\/posts\/15801\/revisions"}],"predecessor-version":[{"id":15804,"href":"https:\/\/dgospel.com.br\/portal\/index.php\/wp-json\/wp\/v2\/posts\/15801\/revisions\/15804"}],"wp:featuredmedia":[{"embeddable":true,"href":"https:\/\/dgospel.com.br\/portal\/index.php\/wp-json\/wp\/v2\/media\/15802"}],"wp:attachment":[{"href":"https:\/\/dgospel.com.br\/portal\/index.php\/wp-json\/wp\/v2\/media?parent=15801"}],"wp:term":[{"taxonomy":"category","embeddable":true,"href":"https:\/\/dgospel.com.br\/portal\/index.php\/wp-json\/wp\/v2\/categories?post=15801"},{"taxonomy":"post_tag","embeddable":true,"href":"https:\/\/dgospel.com.br\/portal\/index.php\/wp-json\/wp\/v2\/tags?post=15801"}],"curies":[{"name":"wp","href":"https:\/\/api.w.org\/{rel}","templated":true}]}}