{"id":15805,"date":"2023-05-20T08:56:15","date_gmt":"2023-05-20T11:56:15","guid":{"rendered":"http:\/\/dgospel.com.br\/portal\/?p=15805"},"modified":"2023-05-20T10:33:45","modified_gmt":"2023-05-20T13:33:45","slug":"governo-retira-nome-social-e-campo-sexo-da-nova-identidade","status":"publish","type":"post","link":"https:\/\/dgospel.com.br\/portal\/index.php\/2023\/05\/20\/governo-retira-nome-social-e-campo-sexo-da-nova-identidade\/","title":{"rendered":"Governo Lula anuncia RG sem o campo \u2018sexo\u2019"},"content":{"rendered":"\n<p>O&nbsp;<strong><a href=\"https:\/\/revistaoeste.com\/tag\/governo-federal\/\" target=\"_blank\" rel=\"noreferrer noopener\">governo federal<\/a><\/strong>&nbsp;anunciou, na quarta-feira 17, que a Carteira Nacional de Identidade (CNI) passar\u00e1 por mudan\u00e7as. Os novos documentos de RG ser\u00e3o emitidos sem o campo \u201csexo\u201d. Tamb\u00e9m n\u00e3o haver\u00e1 mais diferen\u00e7a entre o nome de registro e o chamado \u201cnome social\u201d \u2014 somente o item \u201cnome\u201d ser\u00e1 impresso.<\/p>\n\n\n\n<p>O Minist\u00e9rio dos Direitos Humanos e Cidadania (MDH)&nbsp;<strong><a href=\"https:\/\/www.gov.br\/gestao\/pt-br\/assuntos\/noticias\/2023\/maio\/governo-anuncia-mudancas-para-tornar-carteira-de-identidade-mais-inclusiva\" target=\"_blank\" rel=\"noreferrer noopener\">afirma<\/a><\/strong>&nbsp;que as mudan\u00e7as foram definidas a fim de \u201ctornar o documento mais inclusivo e representativo\u201d. Respons\u00e1vel por implementar as altera\u00e7\u00f5es, o \u00f3rg\u00e3o cita ainda que tem por objetivo evitar discrimina\u00e7\u00f5es contra pessoas da comunidade&nbsp;<strong><a href=\"https:\/\/revistaoeste.com\/tag\/lgbt\/\" target=\"_blank\" rel=\"noreferrer noopener\">LGBT<\/a><\/strong>.<\/p>\n\n\n\n<p>\u201cTeremos um documento inclusivo\u201d, disse o secret\u00e1rio de Governo Digital, Rog\u00e9rio Souza Mascarenhas. \u201cPretendemos que esse seja um instrumento que permita a reconstru\u00e7\u00e3o da rela\u00e7\u00e3o de cidadania entre o Estado e o cidad\u00e3o, que a gente saiba com quem que a gente est\u00e1 falando e que essa pessoa possa exigir do Estado seus direitos e cumprir seus deveres, al\u00e9m de ser reconhecido como uma pessoa\u201d, prossegue o integrante do governo Lula.<\/p>\n\n\n\n<p>Apesar do an\u00fancio por parte do MDH, a retirada dos campos \u201csexo\u201d e \u201cnome social\u201d do novo RG n\u00e3o ser\u00e1 imediata. De acordo com o pr\u00f3prio governo, um decreto para regulamentar as mudan\u00e7as dever\u00e1 ser publicado at\u00e9 o fim deste semestre.<\/p>\n\n\n\n<h2 id=\"h-o-novo-rg\">O novo RG<\/h2>\n\n\n\n<figure class=\"wp-block-image\"><img src=\"https:\/\/medias.revistaoeste.com\/qa-staging\/wp-content\/uploads\/2023\/05\/novo-rg.jpg\" alt=\"novo rg\" class=\"wp-image-923227\"\/><figcaption>Foto: Divulga\u00e7\u00e3o<\/figcaption><\/figure>\n\n\n\n<p>A lei que prev\u00ea a implementa\u00e7\u00e3o da CNI \u2014 o novo RG \u2014 foi sancionada pelo presidente Luiz In\u00e1cio Lula da Silva no come\u00e7o do ano. O texto aprovado prev\u00ea o n\u00famero de CPF como \u00fanico registro para identifica\u00e7\u00e3o dos brasileiros em todos os bancos de dados de servi\u00e7os p\u00fablicos.<\/p>\n\n\n\n<p>At\u00e9 o momento, a CNI j\u00e1 pode ser emitida em 12 Estados do pa\u00eds:<\/p>\n\n\n\n<ol><li>Acre;<\/li><li>Alagoas;<\/li><li>Amazonas;<\/li><li>Goi\u00e1s;<\/li><li>Mato Grosso;<\/li><li>Minas Gerais;<\/li><li>Pernambuco;<\/li><li>Piau\u00ed;<\/li><li>Paran\u00e1;<\/li><li>Rio de Janeiro;<\/li><li>Rio Grande do Sul; e<\/li><li>Santa Catarina.<\/li><\/ol>\n","protected":false},"excerpt":{"rendered":"<p>O&nbsp;governo federal&nbsp;anunciou, na quarta-feira 17, que a Carteira Nacional de Identidade (CNI) passar\u00e1 por mudan\u00e7as. Os novos documentos de RG ser\u00e3o emitidos sem o campo \u201csexo\u201d. Tamb\u00e9m n\u00e3o haver\u00e1 mais diferen\u00e7a entre o nome de registro e o chamado \u201cnome social\u201d \u2014 somente o item \u201cnome\u201d ser\u00e1 impresso. O Minist\u00e9rio dos Direitos Humanos e Cidadania [&hellip;]<\/p>\n","protected":false},"author":2,"featured_media":15806,"comment_status":"open","ping_status":"open","sticky":false,"template":"","format":"standard","meta":[],"categories":[10],"tags":[],"_links":{"self":[{"href":"https:\/\/dgospel.com.br\/portal\/index.php\/wp-json\/wp\/v2\/posts\/15805"}],"collection":[{"href":"https:\/\/dgospel.com.br\/portal\/index.php\/wp-json\/wp\/v2\/posts"}],"about":[{"href":"https:\/\/dgospel.com.br\/portal\/index.php\/wp-json\/wp\/v2\/types\/post"}],"author":[{"embeddable":true,"href":"https:\/\/dgospel.com.br\/portal\/index.php\/wp-json\/wp\/v2\/users\/2"}],"replies":[{"embeddable":true,"href":"https:\/\/dgospel.com.br\/portal\/index.php\/wp-json\/wp\/v2\/comments?post=15805"}],"version-history":[{"count":2,"href":"https:\/\/dgospel.com.br\/portal\/index.php\/wp-json\/wp\/v2\/posts\/15805\/revisions"}],"predecessor-version":[{"id":15824,"href":"https:\/\/dgospel.com.br\/portal\/index.php\/wp-json\/wp\/v2\/posts\/15805\/revisions\/15824"}],"wp:featuredmedia":[{"embeddable":true,"href":"https:\/\/dgospel.com.br\/portal\/index.php\/wp-json\/wp\/v2\/media\/15806"}],"wp:attachment":[{"href":"https:\/\/dgospel.com.br\/portal\/index.php\/wp-json\/wp\/v2\/media?parent=15805"}],"wp:term":[{"taxonomy":"category","embeddable":true,"href":"https:\/\/dgospel.com.br\/portal\/index.php\/wp-json\/wp\/v2\/categories?post=15805"},{"taxonomy":"post_tag","embeddable":true,"href":"https:\/\/dgospel.com.br\/portal\/index.php\/wp-json\/wp\/v2\/tags?post=15805"}],"curies":[{"name":"wp","href":"https:\/\/api.w.org\/{rel}","templated":true}]}}